{"id":68850,"date":"2025-06-26T11:51:14","date_gmt":"2025-06-26T17:51:14","guid":{"rendered":"https:\/\/encuentroinformativo.com.mx\/?p=68850"},"modified":"2025-06-26T11:51:14","modified_gmt":"2025-06-26T17:51:14","slug":"baja-ocupacion-hotelera-por-lluvias-durante-carnaval-cometur","status":"publish","type":"post","link":"https:\/\/encuentroinformativo.com.mx\/?p=68850","title":{"rendered":"Baja ocupaci\u00f3n hotelera por lluvias durante Carnaval: COMETUR"},"content":{"rendered":"<p><strong>Alejandro \u00c1vila<\/strong><\/p>\n<p>Veracruz, Ver.- El anuncio de temporal lluvioso durante los d\u00edas del Carnaval de Veracruz s\u00ed impactar\u00e1 en la visita de turistas este fin de semana, mencion\u00f3 el presidente del Consejo Metropolitano de Turismo (COMETUR), Sergio Lois Heredia.<\/p>\n<p>El empresario hotelero dijo al final nada tendr\u00e1 que ver la organizaci\u00f3n de los eventos o promoci\u00f3n, pues la mayor\u00eda de la gente llega a Veracruz por v\u00eda carretera, y debido al anuncio de lluvias muchos desistir\u00e1n de acercarse a los eventos de las fiestas carnestolendas.<\/p>\n<p>&#8220;El tema de la lluvia definitivamente va a afectar a la ocupaci\u00f3n hotelera para este fin de semana, aunque no llueva el mero d\u00eda o lo que sea, ya el simple hecho de que llevemos pr\u00e1cticamente dos semanas con temporal lluvioso en el pa\u00eds, en espec\u00edfico en nuestra ciudad, pues hace que muchas personas que iban a venir este a\u00f1o el Carnaval decidan no venir. Y estoy seguro que se va a ver reflejado tanto en la ocupaci\u00f3n, como en la tarifa que muchas veces en \u00e9poca de Carnaval muchos compa\u00f1eros deciden subir&#8221;, expres\u00f3.<\/p>\n<p>Sergio Lois puntualiz\u00f3 que debido al anuncio de las lluvias, no habr\u00e1 aumento en las tarifas de los hoteles, ya que a la fecha tienen \u00fanicamente el 60 por ciento de las reservaciones, n\u00fameros que esperan aumentar al terminar los d\u00edas de Carnaval.<\/p>\n","protected":false},"excerpt":{"rendered":"<p>Alejandro \u00c1vila Veracruz, Ver.- El anuncio de temporal lluvioso durante los d\u00edas del Carnaval de Veracruz s\u00ed impactar\u00e1 en la visita de turistas este fin de semana, mencion\u00f3 el presidente del Consejo Metropolitano de Turismo (COMETUR), Sergio Lois Heredia. El empresario hotelero dijo al final nada tendr\u00e1 que ver la organizaci\u00f3n de los eventos o [&hellip;]<\/p>\n","protected":false},"author":2476,"featured_media":68851,"comment_status":"open","ping_status":"open","sticky":false,"template":"","format":"standard","meta":{"_jetpack_memberships_contains_paid_content":false,"footnotes":""},"categories":[2],"tags":[],"class_list":["post-68850","post","type-post","status-publish","format-standard","has-post-thumbnail","hentry","category-estado"],"jetpack_featured_media_url":"https:\/\/encuentroinformativo.com.mx\/wp-content\/uploads\/2025\/06\/IMG-20250626-WA0102.jpg","jetpack_sharing_enabled":true,"jetpack_likes_enabled":true,"amp_enabled":true,"_links":{"self":[{"href":"https:\/\/encuentroinformativo.com.mx\/index.php?rest_route=\/wp\/v2\/posts\/68850","targetHints":{"allow":["GET"]}}],"collection":[{"href":"https:\/\/encuentroinformativo.com.mx\/index.php?rest_route=\/wp\/v2\/posts"}],"about":[{"href":"https:\/\/encuentroinformativo.com.mx\/index.php?rest_route=\/wp\/v2\/types\/post"}],"author":[{"embeddable":true,"href":"https:\/\/encuentroinformativo.com.mx\/index.php?rest_route=\/wp\/v2\/users\/2476"}],"replies":[{"embeddable":true,"href":"https:\/\/encuentroinformativo.com.mx\/index.php?rest_route=%2Fwp%2Fv2%2Fcomments&post=68850"}],"version-history":[{"count":1,"href":"https:\/\/encuentroinformativo.com.mx\/index.php?rest_route=\/wp\/v2\/posts\/68850\/revisions"}],"predecessor-version":[{"id":68852,"href":"https:\/\/encuentroinformativo.com.mx\/index.php?rest_route=\/wp\/v2\/posts\/68850\/revisions\/68852"}],"wp:featuredmedia":[{"embeddable":true,"href":"https:\/\/encuentroinformativo.com.mx\/index.php?rest_route=\/wp\/v2\/media\/68851"}],"wp:attachment":[{"href":"https:\/\/encuentroinformativo.com.mx\/index.php?rest_route=%2Fwp%2Fv2%2Fmedia&parent=68850"}],"wp:term":[{"taxonomy":"category","embeddable":true,"href":"https:\/\/encuentroinformativo.com.mx\/index.php?rest_route=%2Fwp%2Fv2%2Fcategories&post=68850"},{"taxonomy":"post_tag","embeddable":true,"href":"https:\/\/encuentroinformativo.com.mx\/index.php?rest_route=%2Fwp%2Fv2%2Ftags&post=68850"}],"curies":[{"name":"wp","href":"https:\/\/api.w.org\/{rel}","templated":true}]}}