{"id":68862,"date":"2025-06-26T14:33:00","date_gmt":"2025-06-26T20:33:00","guid":{"rendered":"https:\/\/encuentroinformativo.com.mx\/?p=68862"},"modified":"2025-06-26T14:33:00","modified_gmt":"2025-06-26T20:33:00","slug":"becerro-se-contagio-de-gusano-barrenador-a-dias-de-haber-nacido-es-el-segundo-caso-en-veracruz","status":"publish","type":"post","link":"https:\/\/encuentroinformativo.com.mx\/?p=68862","title":{"rendered":"Becerro se contagi\u00f3 de gusano barrenador a d\u00edas de haber nacido; es el segundo caso en Veracruz"},"content":{"rendered":"<p><strong>* Durante un recorrido, se constat\u00f3 que personal de SENASICA acudi\u00f3 a extraer muestras de la larva al rancho asentado en la zona rural de Minatitl\u00e1n.<\/strong><\/p>\n<p><strong>Fluvio Cesar Mart\u00ednez<\/strong><\/p>\n<p>Minatitl\u00e1n, Ver.- Apenas ten\u00eda tres d\u00edas de nacido, cuando el becerro de don H\u00e9ctor Gonz\u00e1lez Patricio, se enferm\u00f3 de fiebre y presentaba una inflamaci\u00f3n en el ombligo, lo que comenz\u00f3 a preocupar al propietario del rancho \u201cMisuri 1\u201d, asentado en la comunidad de Adolfo L\u00f3pez Mateos, en la zona rural de Minatitl\u00e1n, al sur del estado de Veracruz.<\/p>\n<p>Don H\u00e9ctor, quien asegura que constantemente revisa a sus animales, relata que estas caracter\u00edsticas comenzaron a preocuparlo, por lo que con ayuda de sus trabajadores comenzaron a revisar al animal y le aplicaron una prueba de detecci\u00f3n del gusano barrenador, que hab\u00eda adquirido en una veterinaria particular.<\/p>\n<p>El resultado fue positivo, lo que preocupo m\u00e1s al ganadero, quien decidi\u00f3 revisar la herida en el obligo del becerro, encontrando decenas de larvas.<\/p>\n<p>\u201cNosotros cada tercer d\u00eda revisamos al ganado, y tomamos la decisi\u00f3n de revisarlo, pensando en lo que se habla de la plaga que hay del gusano barrenador y si en efecto, este sali\u00f3 positivo, ten\u00eda gusano\u201d, coment\u00f3 el entrevistado.<\/p>\n<p>Aun no se explica como es que su becerro reci\u00e9n nacido se contagi\u00f3, pero deduce que se contagio debido a que su mam\u00e1 le lame el ombligo constantemente a los becerros e infecto la herida, lo que fue aprovechado por la mosca para depositar sus larvas.<\/p>\n<p>\u201cYa lo sacamos, lo trajimos y mis trabajadores procedieron a realizarse la limpieza; se limpi\u00f3 bien, se desinfect\u00f3 y se tuvo que hacer una peque\u00f1a operaci\u00f3n para sacar todas las larvas que ten\u00eda, todos los gusanos y procedimos a meterle un piquete de ivermectina y el negatum\u201d, relata H\u00e9ctor.<\/p>\n<p>Tanto la mam\u00e1 como el becerro fueron aislados, aun cuando solo la cr\u00eda presenta las larvas.<\/p>\n<p><strong>Contexto: SENASICA acude a atender al animal y extrae larvas<\/strong><\/p>\n<p>Don H\u00e9ctor, quien cuenta con cerca de 60 cabezas de ganado, no dudo en dar aviso a los representantes de la Asociaci\u00f3n Ganadera Local, quienes a su vez dieron aviso al personal del Servicio Nacional de Sanidad, Inocuidad y Calidad Agroalimentaria (SENASICA).<\/p>\n<p>Un especialista de la dependencia federal acudi\u00f3 a revisar al becerro para extraer las larvas y llevar las muestras a un laboratorio, para confirmar el contagio, aunque por las caracter\u00edsticas, dijo que todo apunta que se trata del gusano.<\/p>\n<p>Durante un recorrido realizado por medios de comunicaci\u00f3n locales, en el rancho Misuri 1, se constat\u00f3 la forma en que el animal fue atendido.<\/p>\n<p>\u201cComo ya se le aplic\u00f3 ivermectina y se le dio tratamiento ya est\u00e1 muerto el gusano; normalmente el gusano muere en 24 horas cuando se le aplica el tratamiento; el s\u00edntoma que presenta es dolor y si hay infecci\u00f3n presenta fiebre. Yo recomendar\u00eda que se este limpiando e inyectando dos veces al d\u00eda, y la ivermectina entre 15 y 25 d\u00edas\u201d, explic\u00f3 el m\u00e9dico veterinario.<\/p>\n<p>La herida expuesta es grande para el tama\u00f1o del becerro, por lo que a la atenci\u00f3n era urgente y se espera que pronto se recupere.<\/p>\n<p><strong>Segundo caso preocupa a ganaderos<\/strong><\/p>\n<p>Marcial Santiago Vicente, ex presidente de la ganadera local, extern\u00f3 la preocupaci\u00f3n de la movilidad del ganado que se est\u00e1 trayendo de otros estados provoca la propagaci\u00f3n del gusano barrenador.<\/p>\n<p>Asegur\u00f3 que varios productores est\u00e1n preocupados, pero tambi\u00e9n tratan de tomar medidas preventivas para evitar m\u00e1s contagios.<\/p>\n<p>\u201cAh\u00ed deben tener un mayor control las autoridades del gobierno federal y SENASICA en la movilidad del ganado y tener mayor control, nosotros creemos que, por la cercan\u00eda con Tabasco y Chiapas, lleg\u00f3 a Las Choapas y de ah\u00ed pas\u00f3 a Minatitl\u00e1n\u201d, manifest\u00f3.<\/p>\n<p>El primer caso de gusano barrenador se registro en el municipio de Las Choapas, igual en un becerro de la comunidad de Los lirios, en la primera semana de mayo.<\/p>\n","protected":false},"excerpt":{"rendered":"<p>* Durante un recorrido, se constat\u00f3 que personal de SENASICA acudi\u00f3 a extraer muestras de la larva al rancho asentado en la zona rural de Minatitl\u00e1n. Fluvio Cesar Mart\u00ednez Minatitl\u00e1n, Ver.- Apenas ten\u00eda tres d\u00edas de nacido, cuando el becerro de don H\u00e9ctor Gonz\u00e1lez Patricio, se enferm\u00f3 de fiebre y presentaba una inflamaci\u00f3n en el [&hellip;]<\/p>\n","protected":false},"author":2476,"featured_media":68863,"comment_status":"open","ping_status":"open","sticky":false,"template":"","format":"standard","meta":{"_jetpack_memberships_contains_paid_content":false,"footnotes":""},"categories":[2],"tags":[],"class_list":["post-68862","post","type-post","status-publish","format-standard","has-post-thumbnail","hentry","category-estado"],"jetpack_featured_media_url":"https:\/\/encuentroinformativo.com.mx\/wp-content\/uploads\/2025\/06\/IMG-20250626-WA0163.jpg","jetpack_sharing_enabled":true,"jetpack_likes_enabled":true,"amp_enabled":true,"_links":{"self":[{"href":"https:\/\/encuentroinformativo.com.mx\/index.php?rest_route=\/wp\/v2\/posts\/68862","targetHints":{"allow":["GET"]}}],"collection":[{"href":"https:\/\/encuentroinformativo.com.mx\/index.php?rest_route=\/wp\/v2\/posts"}],"about":[{"href":"https:\/\/encuentroinformativo.com.mx\/index.php?rest_route=\/wp\/v2\/types\/post"}],"author":[{"embeddable":true,"href":"https:\/\/encuentroinformativo.com.mx\/index.php?rest_route=\/wp\/v2\/users\/2476"}],"replies":[{"embeddable":true,"href":"https:\/\/encuentroinformativo.com.mx\/index.php?rest_route=%2Fwp%2Fv2%2Fcomments&post=68862"}],"version-history":[{"count":1,"href":"https:\/\/encuentroinformativo.com.mx\/index.php?rest_route=\/wp\/v2\/posts\/68862\/revisions"}],"predecessor-version":[{"id":68864,"href":"https:\/\/encuentroinformativo.com.mx\/index.php?rest_route=\/wp\/v2\/posts\/68862\/revisions\/68864"}],"wp:featuredmedia":[{"embeddable":true,"href":"https:\/\/encuentroinformativo.com.mx\/index.php?rest_route=\/wp\/v2\/media\/68863"}],"wp:attachment":[{"href":"https:\/\/encuentroinformativo.com.mx\/index.php?rest_route=%2Fwp%2Fv2%2Fmedia&parent=68862"}],"wp:term":[{"taxonomy":"category","embeddable":true,"href":"https:\/\/encuentroinformativo.com.mx\/index.php?rest_route=%2Fwp%2Fv2%2Fcategories&post=68862"},{"taxonomy":"post_tag","embeddable":true,"href":"https:\/\/encuentroinformativo.com.mx\/index.php?rest_route=%2Fwp%2Fv2%2Ftags&post=68862"}],"curies":[{"name":"wp","href":"https:\/\/api.w.org\/{rel}","templated":true}]}}