{"id":68868,"date":"2025-06-26T17:46:33","date_gmt":"2025-06-26T23:46:33","guid":{"rendered":"https:\/\/encuentroinformativo.com.mx\/?p=68868"},"modified":"2025-06-26T17:46:33","modified_gmt":"2025-06-26T23:46:33","slug":"solicita-snte-mayor-movilidad-de-docentes","status":"publish","type":"post","link":"https:\/\/encuentroinformativo.com.mx\/?p=68868","title":{"rendered":"Solicita SNTE mayor movilidad de docentes"},"content":{"rendered":"<p><strong>Dar\u00edo Pale<\/strong><\/p>\n<p>Xalapa, Ver.- La secretaria de finanzas de la secci\u00f3n 32 del SNTE, Lizbeth Castro Morales, indic\u00f3 que este sindicato busca ante la Secretar\u00eda de Educaci\u00f3n, que se facilite la movilidad de docentes a lugares donde lo deseen y que solo se tome en cuenta la antig\u00fcedad.<\/p>\n<p>Entrevistada, dijo que dentro de este decreto, tambi\u00e9n se plantea que se puedan hacer cambios dentro de las zonas y de manera posterior de zona a zona.<\/p>\n<p>Y es que se\u00f1al\u00f3 que esto abre las posibilidades para la movilidad de los trabajadores, quienes en su mayor\u00eda piden estar cerca de sus familiares.<\/p>\n<p>Agreg\u00f3 que con ello, miles de docentes se ver\u00e1n beneficiados, pues aclar\u00f3 que anteriormente la movilidad se daba de centro de trabajo a centro de trabajo y no al interior de la propia zona.<\/p>\n<p>&#8220;As\u00ed lo consideraba la ley general para la carrera de las maestras y los maestros. Hoy se abre m\u00e1s, porque ya puede ser al interior de la propia zona, eso no se estaba dando&#8221;, se\u00f1al\u00f3.<\/p>\n<p>Asimismo, precis\u00f3 que en el caso de los maestros de nuevo ingreso, su ubicaci\u00f3n es temporal en el transcurso del ciclo escolar, pero al t\u00e9rmino de este, son susceptibles de cambio, siempre y cuando alguien pida ese espacio.<\/p>\n<p>Asegur\u00f3 que para el inicio del pr\u00f3ximo ciclo escolar, todos los espacios estar\u00e1n cubiertos por docentes y as\u00ed que en ninguna escuela falten maestros, como ha sido la prioridad de la SEV y de la gobernadora.<\/p>\n","protected":false},"excerpt":{"rendered":"<p>Dar\u00edo Pale Xalapa, Ver.- La secretaria de finanzas de la secci\u00f3n 32 del SNTE, Lizbeth Castro Morales, indic\u00f3 que este sindicato busca ante la Secretar\u00eda de Educaci\u00f3n, que se facilite la movilidad de docentes a lugares donde lo deseen y que solo se tome en cuenta la antig\u00fcedad. Entrevistada, dijo que dentro de este decreto, [&hellip;]<\/p>\n","protected":false},"author":2476,"featured_media":68869,"comment_status":"open","ping_status":"open","sticky":false,"template":"","format":"standard","meta":{"_jetpack_memberships_contains_paid_content":false,"footnotes":""},"categories":[2],"tags":[],"class_list":["post-68868","post","type-post","status-publish","format-standard","has-post-thumbnail","hentry","category-estado"],"jetpack_featured_media_url":"https:\/\/encuentroinformativo.com.mx\/wp-content\/uploads\/2025\/06\/IMG-20250626-WA02652.jpg","jetpack_sharing_enabled":true,"jetpack_likes_enabled":true,"amp_enabled":true,"_links":{"self":[{"href":"https:\/\/encuentroinformativo.com.mx\/index.php?rest_route=\/wp\/v2\/posts\/68868","targetHints":{"allow":["GET"]}}],"collection":[{"href":"https:\/\/encuentroinformativo.com.mx\/index.php?rest_route=\/wp\/v2\/posts"}],"about":[{"href":"https:\/\/encuentroinformativo.com.mx\/index.php?rest_route=\/wp\/v2\/types\/post"}],"author":[{"embeddable":true,"href":"https:\/\/encuentroinformativo.com.mx\/index.php?rest_route=\/wp\/v2\/users\/2476"}],"replies":[{"embeddable":true,"href":"https:\/\/encuentroinformativo.com.mx\/index.php?rest_route=%2Fwp%2Fv2%2Fcomments&post=68868"}],"version-history":[{"count":1,"href":"https:\/\/encuentroinformativo.com.mx\/index.php?rest_route=\/wp\/v2\/posts\/68868\/revisions"}],"predecessor-version":[{"id":68870,"href":"https:\/\/encuentroinformativo.com.mx\/index.php?rest_route=\/wp\/v2\/posts\/68868\/revisions\/68870"}],"wp:featuredmedia":[{"embeddable":true,"href":"https:\/\/encuentroinformativo.com.mx\/index.php?rest_route=\/wp\/v2\/media\/68869"}],"wp:attachment":[{"href":"https:\/\/encuentroinformativo.com.mx\/index.php?rest_route=%2Fwp%2Fv2%2Fmedia&parent=68868"}],"wp:term":[{"taxonomy":"category","embeddable":true,"href":"https:\/\/encuentroinformativo.com.mx\/index.php?rest_route=%2Fwp%2Fv2%2Fcategories&post=68868"},{"taxonomy":"post_tag","embeddable":true,"href":"https:\/\/encuentroinformativo.com.mx\/index.php?rest_route=%2Fwp%2Fv2%2Ftags&post=68868"}],"curies":[{"name":"wp","href":"https:\/\/api.w.org\/{rel}","templated":true}]}}