{"id":68874,"date":"2025-06-26T17:57:49","date_gmt":"2025-06-26T23:57:49","guid":{"rendered":"https:\/\/encuentroinformativo.com.mx\/?p=68874"},"modified":"2025-06-26T17:57:49","modified_gmt":"2025-06-26T23:57:49","slug":"liquidacion-digna-para-empleados-del-ivai-que-no-seran-reubicados-esteban-bautista","status":"publish","type":"post","link":"https:\/\/encuentroinformativo.com.mx\/?p=68874","title":{"rendered":"Liquidaci\u00f3n digna para empleados del IVAI que no ser\u00e1n reubicados: Esteban Bautista"},"content":{"rendered":"<p><strong>Dar\u00edo Pale<\/strong><\/p>\n<p>Xalapa, Ver.- Los 19 empleados del Instituto Veracruzano de Acceso a la Informaci\u00f3n y Protecci\u00f3n de Datos Personales (IVAI), que no pudieran ser reubicados en otra dependencia ser\u00e1n liquidados de manera digna, as\u00ed lo dio a conocer el diputado presidente de la Junta de Coordinaci\u00f3n Pol\u00edtica (JUCOPO) del Congreso del Estado, Esteban Bautista Hern\u00e1ndez.<\/p>\n<p>Mencion\u00f3 que en la sesi\u00f3n extraordinaria de este jueves, abordar\u00e1n el tema de la desaparici\u00f3n del IVAI y adem\u00e1s se acord\u00f3 con la Secretar\u00eda de Gobierno algunas adecuaciones, para que empleados sean ubicados en la Contralor\u00eda General del Estado, tal como ya se ten\u00eda previsto.<\/p>\n<p>&#8220;En la tarde vamos a tratar el tema de IVAI, que faltaban unos detalles ah\u00ed, pero ya vino gente de la Secretar\u00eda de Gobierno, ya, pues, algunas adecuaciones ya se hicieron, las vamos a presentar al rato con la Junta, de la Comisi\u00f3n de Entrega y Recepci\u00f3n, de los compa\u00f1eros a donde van a ser ubicados, la Contralor\u00eda General del Estado se har\u00e1 cargo de ellos. Algunos no, pero, pues, en el proceso de entrega y recepci\u00f3n quedar\u00e1 estipulado, pues, una liquidaci\u00f3n digna, de tal manera de que vayan contentos los compa\u00f1eros\u201d, se\u00f1al\u00f3.<\/p>\n<p>Cabe recordar que el comisionado presidente del IVAI, David Jim\u00e9nez Rojas, en pasados d\u00edas explic\u00f3 que con la desaparici\u00f3n del IVAI no desaparece la transparencia en el estado y que adem\u00e1s se cuenta con el recurso suficiente para liquidar a los empleados que sea necesario.<\/p>\n<p>En otro tema, el diputado Esteban Bautista, mencion\u00f3 que por el momento no se encuentra en la agenda el tema de la Fiscal\u00eda General del Estado (FGE), iniciativa del diputado Diego Casta\u00f1eda que reduce el periodo de permanencia de los titulares de la dependencia.<\/p>\n","protected":false},"excerpt":{"rendered":"<p>Dar\u00edo Pale Xalapa, Ver.- Los 19 empleados del Instituto Veracruzano de Acceso a la Informaci\u00f3n y Protecci\u00f3n de Datos Personales (IVAI), que no pudieran ser reubicados en otra dependencia ser\u00e1n liquidados de manera digna, as\u00ed lo dio a conocer el diputado presidente de la Junta de Coordinaci\u00f3n Pol\u00edtica (JUCOPO) del Congreso del Estado, Esteban Bautista [&hellip;]<\/p>\n","protected":false},"author":2476,"featured_media":68875,"comment_status":"open","ping_status":"open","sticky":false,"template":"","format":"standard","meta":{"_jetpack_memberships_contains_paid_content":false,"footnotes":""},"categories":[2],"tags":[],"class_list":["post-68874","post","type-post","status-publish","format-standard","has-post-thumbnail","hentry","category-estado"],"jetpack_featured_media_url":"https:\/\/encuentroinformativo.com.mx\/wp-content\/uploads\/2025\/06\/IMG-20250626-WA01932.jpg","jetpack_sharing_enabled":true,"jetpack_likes_enabled":true,"amp_enabled":true,"_links":{"self":[{"href":"https:\/\/encuentroinformativo.com.mx\/index.php?rest_route=\/wp\/v2\/posts\/68874","targetHints":{"allow":["GET"]}}],"collection":[{"href":"https:\/\/encuentroinformativo.com.mx\/index.php?rest_route=\/wp\/v2\/posts"}],"about":[{"href":"https:\/\/encuentroinformativo.com.mx\/index.php?rest_route=\/wp\/v2\/types\/post"}],"author":[{"embeddable":true,"href":"https:\/\/encuentroinformativo.com.mx\/index.php?rest_route=\/wp\/v2\/users\/2476"}],"replies":[{"embeddable":true,"href":"https:\/\/encuentroinformativo.com.mx\/index.php?rest_route=%2Fwp%2Fv2%2Fcomments&post=68874"}],"version-history":[{"count":1,"href":"https:\/\/encuentroinformativo.com.mx\/index.php?rest_route=\/wp\/v2\/posts\/68874\/revisions"}],"predecessor-version":[{"id":68876,"href":"https:\/\/encuentroinformativo.com.mx\/index.php?rest_route=\/wp\/v2\/posts\/68874\/revisions\/68876"}],"wp:featuredmedia":[{"embeddable":true,"href":"https:\/\/encuentroinformativo.com.mx\/index.php?rest_route=\/wp\/v2\/media\/68875"}],"wp:attachment":[{"href":"https:\/\/encuentroinformativo.com.mx\/index.php?rest_route=%2Fwp%2Fv2%2Fmedia&parent=68874"}],"wp:term":[{"taxonomy":"category","embeddable":true,"href":"https:\/\/encuentroinformativo.com.mx\/index.php?rest_route=%2Fwp%2Fv2%2Fcategories&post=68874"},{"taxonomy":"post_tag","embeddable":true,"href":"https:\/\/encuentroinformativo.com.mx\/index.php?rest_route=%2Fwp%2Fv2%2Ftags&post=68874"}],"curies":[{"name":"wp","href":"https:\/\/api.w.org\/{rel}","templated":true}]}}