{"id":68878,"date":"2025-06-26T23:52:58","date_gmt":"2025-06-27T05:52:58","guid":{"rendered":"https:\/\/encuentroinformativo.com.mx\/?p=68878"},"modified":"2025-06-26T23:52:58","modified_gmt":"2025-06-27T05:52:58","slug":"familia-sufre-accidente-en-motocicleta-en-oteapan-mueren-el-papa-y-un-menor-de-2-anos","status":"publish","type":"post","link":"https:\/\/encuentroinformativo.com.mx\/?p=68878","title":{"rendered":"Familia sufre accidente en motocicleta en Oteapan; mueren el pap\u00e1 y un menor de 2 a\u00f1os"},"content":{"rendered":"<p><strong>* La familia viajaba a bordo de una motocicleta y chocaron contra un taxi, cuando transitaban sobre la carretera trans\u00edstmica en el municipio de Oteapan.<\/strong><\/p>\n<p><strong>Fluvio Cesar Mart\u00ednez<\/strong><\/p>\n<p>Oteapan, Ver.- Una familia de tres integrantes que viajaban a bordo de una motocicleta, sufri\u00f3 un grave accidente tras chocar contra un taxi, al momento en que transitaban en el municipio de Oteapan al sur del estado de Veracruz la noche de este jueves 26 de junio; debido a las fuertes lesiones, el padre y un menor de apenas dos a\u00f1os murieron en un hospital a donde fueron trasladados.<\/p>\n<p>De acuerdo con los reportes obtenidos en el lugar de los hechos, la familia viajaba a bordo de una motocicleta negra, sobre la carretera federal Trans\u00edstmica, en el carril que conduce hacia el municipio de Oteapan.<\/p>\n<p>Por causas aun desconocidas, se impactaron de frente contra el taxi 392 con sitio en el municipio de J\u00e1ltipan, por lo que los tres integrantes de la familia salieron disparados, pero el conductor de la motocicleta se impact\u00f3 contra el medall\u00f3n de la unidad, que qued\u00f3 completamente destruido.<\/p>\n<p>Los cuerpos de las tres v\u00edctimas quedaron sobre el pavimento, por lo que fueron auxiliados por pobladores de Oteapan, quienes dieron aviso inmediato a las autoridades y cuerpos de emergencia.<\/p>\n<p>\u201cSon tres personas lesionadas, entre ellos el menor, hasta ahorita los tres van en c\u00f3digo rojo, porque fue un accidente bastante fuerte; aqu\u00ed se cont\u00f3 con el apoyo de las unidades de Protecci\u00f3n Civil de Chinameca, de Oteapan, de J\u00e1ltipan y Cosoleacaque\u201d, indic\u00f3 Ricardo Armenta, enlace regional de Protecci\u00f3n Civil, quien acudi\u00f3 a atender el incidente.<\/p>\n<p style=\"text-align: center;\"><strong>Contexto: padre y menor mueren tras ser ingresados a un hospital<\/strong><\/p>\n<p>El conductor de la motocicleta, identificado como Juan Antonio \u201cN\u201d, fue trasladado e ingresado de urgencias en el Hospital 32 del IMSS del municipio de Minatitl\u00e1n, donde se confirm\u00f3 que a los pocos minutos muri\u00f3.<\/p>\n<p>El beb\u00e9 de dos a\u00f1os, fue ingresado al Hospital General de Minatitl\u00e1n, donde tambi\u00e9n muri\u00f3 a causa de los fuertes golpes.<\/p>\n<p>En tanto que la madre contin\u00faa luchando por su vida en el Hospital de Cosoleacaque.<\/p>\n<p style=\"text-align: center;\"><strong>Chofer se dio a la fuga<\/strong><\/p>\n<p>A pesar de que no se ha confirmado quien fue el responsable de este accidente, el conductor del taxi decidi\u00f3 escapar, abandonando la unidad.<\/p>\n<p>La carretera trans\u00edstmica fue cerrada durante casi tres horas, tiempo en que un perito de Tr\u00e1nsito realiz\u00f3 las diligencias y ordeno el retiro de las dos unidades, para posteriormente deslindar responsabilidades.<\/p>\n<p>El sitio permaneci\u00f3 bajo resguardo de elementos polic\u00edacos de Oteapan, hasta que se reanud\u00f3 la circulaci\u00f3n de unidades.<\/p>\n<p><img loading=\"lazy\" decoding=\"async\" class=\"aligncenter size-medium wp-image-68880\" src=\"https:\/\/encuentroinformativo.com.mx\/wp-content\/uploads\/2025\/06\/IMG-20250626-WA04222-300x157.jpg\" alt=\"\" width=\"300\" height=\"157\" srcset=\"https:\/\/encuentroinformativo.com.mx\/wp-content\/uploads\/2025\/06\/IMG-20250626-WA04222-300x157.jpg 300w, https:\/\/encuentroinformativo.com.mx\/wp-content\/uploads\/2025\/06\/IMG-20250626-WA04222-1024x535.jpg 1024w, https:\/\/encuentroinformativo.com.mx\/wp-content\/uploads\/2025\/06\/IMG-20250626-WA04222-768x401.jpg 768w, https:\/\/encuentroinformativo.com.mx\/wp-content\/uploads\/2025\/06\/IMG-20250626-WA04222.jpg 1168w\" sizes=\"auto, (max-width: 300px) 100vw, 300px\" \/><\/p>\n","protected":false},"excerpt":{"rendered":"<p>* La familia viajaba a bordo de una motocicleta y chocaron contra un taxi, cuando transitaban sobre la carretera trans\u00edstmica en el municipio de Oteapan. Fluvio Cesar Mart\u00ednez Oteapan, Ver.- Una familia de tres integrantes que viajaban a bordo de una motocicleta, sufri\u00f3 un grave accidente tras chocar contra un taxi, al momento en que [&hellip;]<\/p>\n","protected":false},"author":2476,"featured_media":68879,"comment_status":"open","ping_status":"open","sticky":false,"template":"","format":"standard","meta":{"_jetpack_memberships_contains_paid_content":false,"footnotes":""},"categories":[2],"tags":[],"class_list":["post-68878","post","type-post","status-publish","format-standard","has-post-thumbnail","hentry","category-estado"],"jetpack_featured_media_url":"https:\/\/encuentroinformativo.com.mx\/wp-content\/uploads\/2025\/06\/IMG-20250626-WA04192.jpg","jetpack_sharing_enabled":true,"jetpack_likes_enabled":true,"amp_enabled":true,"_links":{"self":[{"href":"https:\/\/encuentroinformativo.com.mx\/index.php?rest_route=\/wp\/v2\/posts\/68878","targetHints":{"allow":["GET"]}}],"collection":[{"href":"https:\/\/encuentroinformativo.com.mx\/index.php?rest_route=\/wp\/v2\/posts"}],"about":[{"href":"https:\/\/encuentroinformativo.com.mx\/index.php?rest_route=\/wp\/v2\/types\/post"}],"author":[{"embeddable":true,"href":"https:\/\/encuentroinformativo.com.mx\/index.php?rest_route=\/wp\/v2\/users\/2476"}],"replies":[{"embeddable":true,"href":"https:\/\/encuentroinformativo.com.mx\/index.php?rest_route=%2Fwp%2Fv2%2Fcomments&post=68878"}],"version-history":[{"count":1,"href":"https:\/\/encuentroinformativo.com.mx\/index.php?rest_route=\/wp\/v2\/posts\/68878\/revisions"}],"predecessor-version":[{"id":68881,"href":"https:\/\/encuentroinformativo.com.mx\/index.php?rest_route=\/wp\/v2\/posts\/68878\/revisions\/68881"}],"wp:featuredmedia":[{"embeddable":true,"href":"https:\/\/encuentroinformativo.com.mx\/index.php?rest_route=\/wp\/v2\/media\/68879"}],"wp:attachment":[{"href":"https:\/\/encuentroinformativo.com.mx\/index.php?rest_route=%2Fwp%2Fv2%2Fmedia&parent=68878"}],"wp:term":[{"taxonomy":"category","embeddable":true,"href":"https:\/\/encuentroinformativo.com.mx\/index.php?rest_route=%2Fwp%2Fv2%2Fcategories&post=68878"},{"taxonomy":"post_tag","embeddable":true,"href":"https:\/\/encuentroinformativo.com.mx\/index.php?rest_route=%2Fwp%2Fv2%2Ftags&post=68878"}],"curies":[{"name":"wp","href":"https:\/\/api.w.org\/{rel}","templated":true}]}}