{"id":68883,"date":"2025-06-27T09:10:27","date_gmt":"2025-06-27T15:10:27","guid":{"rendered":"https:\/\/encuentroinformativo.com.mx\/?p=68883"},"modified":"2025-06-27T09:10:27","modified_gmt":"2025-06-27T15:10:27","slug":"doctor-pretexto","status":"publish","type":"post","link":"https:\/\/encuentroinformativo.com.mx\/?p=68883","title":{"rendered":"DOCTOR PRETEXTO"},"content":{"rendered":"<p dir=\"ltr\"><strong>Los Pol\u00edticos\u00a0<\/strong><\/p>\n<p dir=\"ltr\"><strong>Salvador Mu\u00f1oz<\/strong><\/p>\n<p dir=\"ltr\">Si hay un personaje que sabe c\u00f3mo meterle reversa al \u201cprogreso\u201d en materia de Salud, \u00e9se es Roberto Ramos Alor. No contento con su paso tambaleante por los Servicios de Salud de Veracruz, ahora regresa con m\u00e1s \u00edmpetu \u2013aunque con los mismos resultados desastrosos\u2013 al frente de IMSS Bienestar en Veracruz, tras pedir licencia como diputado federal. Porque, claro, para algunos, el hueso se antepone a la vocaci\u00f3n.<\/p>\n<p dir=\"ltr\">Apenas ayer se celebraba el avance que en el Sesver del Doctor Valent\u00edn, en coordinaci\u00f3n con el Bien Star de G\u00f3mez Cazar\u00edn, se daba en pro de los veracruzanos, bast\u00f3 una nota de TV Azteca (<a href=\"https:\/\/www.tvazteca.com\/aztecanoticias\/ninos-cancer-se-quedan-sin-medicamentos-en-hospital-cecan-en-xalapa-veracruz9\" target=\"_blank\" rel=\"noopener noreferrer\" data-saferedirecturl=\"https:\/\/www.google.com\/url?q=https:\/\/www.tvazteca.com\/aztecanoticias\/ninos-cancer-se-quedan-sin-medicamentos-en-hospital-cecan-en-xalapa-veracruz9&amp;source=gmail&amp;ust=1751119548589000&amp;usg=AOvVaw1W-kXnj77IPq96s0WWJIKS\">https:\/\/www.tvazteca.com\/<wbr \/>aztecanoticias\/ninos-cancer-<wbr \/>se-quedan-sin-medicamentos-en-<wbr \/>hospital-cecan-en-xalapa-<wbr \/>veracruz<\/a>)\u00a0 para regresarnos a la cruda realidad: veracruzanitos con c\u00e1ncer sin medicamentos en el Centro de Cancerolog\u00eda (Cecan) de Xalapa. No hay metotrexato, no hay ciclofosfamida, no hay vincristina\u2026 pero lo que s\u00ed tiene Ramos Alor son excusas, \u00a1y de las buenas!<\/p>\n<p dir=\"ltr\">\u201cNo me quieren vender\u201d, dicen que responde Ramos Alor ante la crisis. \u00bfAs\u00ed o m\u00e1s absurdo? Si esa fuera la soluci\u00f3n, entonces pongamos a cualquier hijo de vecina al frente del sector salud: \u201cno me quieren vender el pan\u201d, y cerramos la panader\u00eda. La salud p\u00fablica en manos de quien se lava las manos, pero no la conciencia.<\/p>\n<p dir=\"ltr\">El problema no es nuevo, pero con Ramos Alor parece que cada bache se convierte en socav\u00f3n. En su primera gesti\u00f3n en Servicios de Salud, lo vimos disfrazarse de payaso, de \u201cdoctor sonrisa\u201d, mientras en los hospitales lo que escaseaba eran medicamentos y hasta gasas. Ahora, en su versi\u00f3n 2.0, ha regresado igual de perform\u00e1tico, pero con menos gracia\u2026 y con la misma negligencia.<\/p>\n<p dir=\"ltr\">Mientras en su discurso presume cobertura universal y abasto garantizado, en la pr\u00e1ctica, madres lloran frente a hospitales porque sus hijos no reciben la quimioterapia a tiempo. Y Ramos Alor, impert\u00e9rrito, prefiere decir que el problema es de los proveedores. Como si no tuviera un aparato de compra para resolverlo.<\/p>\n<p dir=\"ltr\">Eso s\u00ed, cuando en Servicios de Salud de Veracruz se logra alg\u00fan avance, por m\u00ednimo que sea, llega la sombra de Ramos Alor a opacar cualquier logro. Porque donde \u00e9l pisa, la pol\u00e9mica florece\u2026 y el medicamento escasea.<\/p>\n<p dir=\"ltr\">En vez de operar como un cirujano de precisi\u00f3n, Ramos Alor act\u00faa como un curandero sin remedios: muchas palabras, pocas soluciones. Y lo m\u00e1s preocupante: la salud de los veracruzanos \u2013y sobre todo, de los ni\u00f1os\u2013 sigue en terapia intensiva.<\/p>\n<p dir=\"ltr\">Si de verdad hay voluntad pol\u00edtica, que alguien le d\u00e9 de alta definitiva porque en el expediente del \u201cDoctor Pretexto\u201d, la \u00fanica constante es el fracaso. Y en Veracruz, los enfermos no pueden seguir pagando los platos rotos de su ineficacia.<\/p>\n<div><\/div>\n","protected":false},"excerpt":{"rendered":"<p>Los Pol\u00edticos\u00a0 Salvador Mu\u00f1oz Si hay un personaje que sabe c\u00f3mo meterle reversa al \u201cprogreso\u201d en materia de Salud, \u00e9se es Roberto Ramos Alor. No contento con su paso tambaleante por los Servicios de Salud de Veracruz, ahora regresa con m\u00e1s \u00edmpetu \u2013aunque con los mismos resultados desastrosos\u2013 al frente de IMSS Bienestar en Veracruz, [&hellip;]<\/p>\n","protected":false},"author":2476,"featured_media":387,"comment_status":"open","ping_status":"open","sticky":false,"template":"","format":"standard","meta":{"_jetpack_memberships_contains_paid_content":false,"footnotes":""},"categories":[11],"tags":[],"class_list":["post-68883","post","type-post","status-publish","format-standard","has-post-thumbnail","hentry","category-opinion"],"jetpack_featured_media_url":"https:\/\/encuentroinformativo.com.mx\/wp-content\/uploads\/2020\/03\/7CF8A22B-2764-47BE-8F7F-38FE9E5D6A2F.jpeg","jetpack_sharing_enabled":true,"jetpack_likes_enabled":true,"amp_enabled":true,"_links":{"self":[{"href":"https:\/\/encuentroinformativo.com.mx\/index.php?rest_route=\/wp\/v2\/posts\/68883","targetHints":{"allow":["GET"]}}],"collection":[{"href":"https:\/\/encuentroinformativo.com.mx\/index.php?rest_route=\/wp\/v2\/posts"}],"about":[{"href":"https:\/\/encuentroinformativo.com.mx\/index.php?rest_route=\/wp\/v2\/types\/post"}],"author":[{"embeddable":true,"href":"https:\/\/encuentroinformativo.com.mx\/index.php?rest_route=\/wp\/v2\/users\/2476"}],"replies":[{"embeddable":true,"href":"https:\/\/encuentroinformativo.com.mx\/index.php?rest_route=%2Fwp%2Fv2%2Fcomments&post=68883"}],"version-history":[{"count":1,"href":"https:\/\/encuentroinformativo.com.mx\/index.php?rest_route=\/wp\/v2\/posts\/68883\/revisions"}],"predecessor-version":[{"id":68884,"href":"https:\/\/encuentroinformativo.com.mx\/index.php?rest_route=\/wp\/v2\/posts\/68883\/revisions\/68884"}],"wp:featuredmedia":[{"embeddable":true,"href":"https:\/\/encuentroinformativo.com.mx\/index.php?rest_route=\/wp\/v2\/media\/387"}],"wp:attachment":[{"href":"https:\/\/encuentroinformativo.com.mx\/index.php?rest_route=%2Fwp%2Fv2%2Fmedia&parent=68883"}],"wp:term":[{"taxonomy":"category","embeddable":true,"href":"https:\/\/encuentroinformativo.com.mx\/index.php?rest_route=%2Fwp%2Fv2%2Fcategories&post=68883"},{"taxonomy":"post_tag","embeddable":true,"href":"https:\/\/encuentroinformativo.com.mx\/index.php?rest_route=%2Fwp%2Fv2%2Ftags&post=68883"}],"curies":[{"name":"wp","href":"https:\/\/api.w.org\/{rel}","templated":true}]}}