{"id":68887,"date":"2025-06-27T12:02:02","date_gmt":"2025-06-27T18:02:02","guid":{"rendered":"https:\/\/encuentroinformativo.com.mx\/?p=68887"},"modified":"2025-06-27T12:02:02","modified_gmt":"2025-06-27T18:02:02","slug":"participo-arzobispo-en-gira-del-jubileo-en-el-vaticano","status":"publish","type":"post","link":"https:\/\/encuentroinformativo.com.mx\/?p=68887","title":{"rendered":"Particip\u00f3 Arzobispo en gira del jubileo en El Vaticano"},"content":{"rendered":"<p><strong>Dar\u00edo Pale<\/strong><\/p>\n<p>Xalapa, Ver.- Contin\u00faa la gira internacional por el Jubileo 2025 en el Vaticano, en esta edici\u00f3n del Jubileo -cuyo lema es \u201cPeregrinos de Esperanza\u201d- se busca renovar el esp\u00edritu de reconciliaci\u00f3n, fe y encuentro fraterno entre comunidades.<\/p>\n<p>El arzobispo de Xalapa, Jorge Carlos Patr\u00f3n Wong, contin\u00faa su participaci\u00f3n en el Vaticano como parte de la gira internacional por el Jubileo 2025 -tambi\u00e9n conocido como el A\u00f1o Santo-, uno de los primeros eventos oficiales del Papa Le\u00f3n XIV, que re\u00fane a miles de fieles y representantes eclesi\u00e1sticos de todo el mundo.<\/p>\n<p>De acuerdo con el vocero de la Arquidi\u00f3cesis de Xalapa, Juan Beristain de los Santos, en representaci\u00f3n de M\u00e9xico, una comitiva de aproximadamente 20 personas llev\u00f3 diversos planteamientos al Vaticano.<\/p>\n<p>El arzobispo Patr\u00f3n Wong fue el segundo obispo mexicano en saludar personalmente al Santo Padre, a quien adem\u00e1s entreg\u00f3 un obsequio representativo: caf\u00e9 veracruzano, que fue recibido con agrado.<\/p>\n<p>\u201cNuestro Obispo est\u00e1 muy contento con esta participaci\u00f3n; tuvo la oportunidad de entregarle personalmente el caf\u00e9 al Santo Padre, quien lo recibi\u00f3 muy gustoso\u201d, detall\u00f3 el vocero.<\/p>\n<p>Durante el encuentro, el Papa Le\u00f3n XIV hizo un llamado a los obispos a ser \u201ccercanos a la comunidad y portadores de esperanza\u201d, coment\u00f3 Berista\u00edn de los Santos.<\/p>\n<p>Y es que, subray\u00f3, ante las situaciones dif\u00edciles que enfrenta el mundo, es fundamental que los l\u00edderes religiosos animen al pueblo con palabras, acciones y testimonio.<\/p>\n<p>\u201cEl mensaje central de este A\u00f1o Santo se enfoca en promover la esperanza frente a los conflictos globales. Las pol\u00edticas de muchos pa\u00edses han derivado en problem\u00e1ticas que generan desesperanza, por lo que la labor de aliento, la oraci\u00f3n y el fortalecimiento de la fe se vuelven fundamentales\u201d, coment\u00f3.<\/p>\n<p>Finalmente, dio a conocer que est\u00e1 previsto que el arzobispo regres\u00e9 a Xalapa este fin de semana, \u201cy compartir con la comunidad diocesana las experiencias vividas en este encuentro internacional, en sinton\u00eda con el objetivo pastoral de fortalecer la fe y renovar la esperanza\u201d.<\/p>\n","protected":false},"excerpt":{"rendered":"<p>Dar\u00edo Pale Xalapa, Ver.- Contin\u00faa la gira internacional por el Jubileo 2025 en el Vaticano, en esta edici\u00f3n del Jubileo -cuyo lema es \u201cPeregrinos de Esperanza\u201d- se busca renovar el esp\u00edritu de reconciliaci\u00f3n, fe y encuentro fraterno entre comunidades. El arzobispo de Xalapa, Jorge Carlos Patr\u00f3n Wong, contin\u00faa su participaci\u00f3n en el Vaticano como parte [&hellip;]<\/p>\n","protected":false},"author":2476,"featured_media":68888,"comment_status":"open","ping_status":"open","sticky":false,"template":"","format":"standard","meta":{"_jetpack_memberships_contains_paid_content":false,"footnotes":""},"categories":[13,3],"tags":[],"class_list":["post-68887","post","type-post","status-publish","format-standard","has-post-thumbnail","hentry","category-internacional","category-xalapa"],"jetpack_featured_media_url":"https:\/\/encuentroinformativo.com.mx\/wp-content\/uploads\/2025\/06\/IMG-20250627-WA0061.jpg","jetpack_sharing_enabled":true,"jetpack_likes_enabled":true,"amp_enabled":true,"_links":{"self":[{"href":"https:\/\/encuentroinformativo.com.mx\/index.php?rest_route=\/wp\/v2\/posts\/68887","targetHints":{"allow":["GET"]}}],"collection":[{"href":"https:\/\/encuentroinformativo.com.mx\/index.php?rest_route=\/wp\/v2\/posts"}],"about":[{"href":"https:\/\/encuentroinformativo.com.mx\/index.php?rest_route=\/wp\/v2\/types\/post"}],"author":[{"embeddable":true,"href":"https:\/\/encuentroinformativo.com.mx\/index.php?rest_route=\/wp\/v2\/users\/2476"}],"replies":[{"embeddable":true,"href":"https:\/\/encuentroinformativo.com.mx\/index.php?rest_route=%2Fwp%2Fv2%2Fcomments&post=68887"}],"version-history":[{"count":1,"href":"https:\/\/encuentroinformativo.com.mx\/index.php?rest_route=\/wp\/v2\/posts\/68887\/revisions"}],"predecessor-version":[{"id":68889,"href":"https:\/\/encuentroinformativo.com.mx\/index.php?rest_route=\/wp\/v2\/posts\/68887\/revisions\/68889"}],"wp:featuredmedia":[{"embeddable":true,"href":"https:\/\/encuentroinformativo.com.mx\/index.php?rest_route=\/wp\/v2\/media\/68888"}],"wp:attachment":[{"href":"https:\/\/encuentroinformativo.com.mx\/index.php?rest_route=%2Fwp%2Fv2%2Fmedia&parent=68887"}],"wp:term":[{"taxonomy":"category","embeddable":true,"href":"https:\/\/encuentroinformativo.com.mx\/index.php?rest_route=%2Fwp%2Fv2%2Fcategories&post=68887"},{"taxonomy":"post_tag","embeddable":true,"href":"https:\/\/encuentroinformativo.com.mx\/index.php?rest_route=%2Fwp%2Fv2%2Ftags&post=68887"}],"curies":[{"name":"wp","href":"https:\/\/api.w.org\/{rel}","templated":true}]}}