{"id":68890,"date":"2025-06-27T12:09:26","date_gmt":"2025-06-27T18:09:26","guid":{"rendered":"https:\/\/encuentroinformativo.com.mx\/?p=68890"},"modified":"2025-06-27T12:09:26","modified_gmt":"2025-06-27T18:09:26","slug":"acusan-a-policia-municipal-de-minatitlan-de-provocar-aparatoso-accidente","status":"publish","type":"post","link":"https:\/\/encuentroinformativo.com.mx\/?p=68890","title":{"rendered":"Acusan a polic\u00eda municipal de Minatitl\u00e1n de provocar aparatoso accidente"},"content":{"rendered":"<p><strong>Jos\u00e9 Vargas<\/strong><\/p>\n<p>Minatitl\u00e1n, Ver.- Un fuerte accidente vehicular se registr\u00f3 la tarde de este mi\u00e9rcoles en los cruces de la avenida Minatitl\u00e1n y la calle Benito Ju\u00e1rez, en el municipio de Minatitl\u00e1n, donde una camioneta Audi, conducida por un elemento activo de la Polic\u00eda Municipal de Minatitl\u00e1n, impact\u00f3 a un taxi del municipio de Cosoleacaque, provocando su volcadura.<\/p>\n<p>Testigos se\u00f1alaron que la camioneta Audi circulaba a exceso de velocidad desde el circuito Panam\u00e1 con direcci\u00f3n a la avenida Minatitl\u00e1n, rebasando a varios veh\u00edculos en el trayecto. Al llegar al cruce de ambas calles, el conductor no redujo la velocidad ni tom\u00f3 las debidas precauciones, lo que provoc\u00f3 que embistiera al taxi marcado con el n\u00famero econ\u00f3mico 154.<\/p>\n<p>El fuerte impacto hizo que el taxi volcara sobre uno de sus costados. Personas que transitaban por la zona corrieron para auxiliar al conductor, logrando colocar la unidad sobre sus cuatro ruedas y brindarle los primeros auxilios, mientras llegaban los cuerpos de emergencia y elementos policiacos.<\/p>\n<p>Minutos despu\u00e9s, un perito de la Delegaci\u00f3n de Tr\u00e1nsito del Estado arrib\u00f3 al lugar para tomar conocimiento del hecho y deslindar responsabilidades.<\/p>\n<p>El conductor de la camioneta Audi fue identificado como Alonzo \u201cN\u201d, quien se desempe\u00f1a como polic\u00eda municipal activo de Minatitl\u00e1n. Hasta el momento no se ha informado si fue puesto a disposici\u00f3n de alguna autoridad o si enfrenta cargos por los da\u00f1os y posibles lesiones ocasionadas.<\/p>\n<p>La comunidad ha expresado preocupaci\u00f3n e indignaci\u00f3n, ya que, seg\u00fan los testimonios recabados, el agente municipal conduc\u00eda de forma temeraria, lo que pudo haber derivado en una tragedia mayor.<\/p>\n<p><img loading=\"lazy\" decoding=\"async\" class=\"aligncenter size-medium wp-image-68892\" src=\"https:\/\/encuentroinformativo.com.mx\/wp-content\/uploads\/2025\/06\/IMG-20250627-WA0052-300x169.jpg\" alt=\"\" width=\"300\" height=\"169\" srcset=\"https:\/\/encuentroinformativo.com.mx\/wp-content\/uploads\/2025\/06\/IMG-20250627-WA0052-300x169.jpg 300w, https:\/\/encuentroinformativo.com.mx\/wp-content\/uploads\/2025\/06\/IMG-20250627-WA0052-1024x576.jpg 1024w, https:\/\/encuentroinformativo.com.mx\/wp-content\/uploads\/2025\/06\/IMG-20250627-WA0052-768x432.jpg 768w, https:\/\/encuentroinformativo.com.mx\/wp-content\/uploads\/2025\/06\/IMG-20250627-WA0052-1536x864.jpg 1536w, https:\/\/encuentroinformativo.com.mx\/wp-content\/uploads\/2025\/06\/IMG-20250627-WA0052.jpg 1600w\" sizes=\"auto, (max-width: 300px) 100vw, 300px\" \/><\/p>\n","protected":false},"excerpt":{"rendered":"<p>Jos\u00e9 Vargas Minatitl\u00e1n, Ver.- Un fuerte accidente vehicular se registr\u00f3 la tarde de este mi\u00e9rcoles en los cruces de la avenida Minatitl\u00e1n y la calle Benito Ju\u00e1rez, en el municipio de Minatitl\u00e1n, donde una camioneta Audi, conducida por un elemento activo de la Polic\u00eda Municipal de Minatitl\u00e1n, impact\u00f3 a un taxi del municipio de Cosoleacaque, [&hellip;]<\/p>\n","protected":false},"author":2476,"featured_media":68891,"comment_status":"open","ping_status":"open","sticky":false,"template":"","format":"standard","meta":{"_jetpack_memberships_contains_paid_content":false,"footnotes":""},"categories":[2],"tags":[],"class_list":["post-68890","post","type-post","status-publish","format-standard","has-post-thumbnail","hentry","category-estado"],"jetpack_featured_media_url":"https:\/\/encuentroinformativo.com.mx\/wp-content\/uploads\/2025\/06\/IMG-20250627-WA00512.jpg","jetpack_sharing_enabled":true,"jetpack_likes_enabled":true,"amp_enabled":true,"_links":{"self":[{"href":"https:\/\/encuentroinformativo.com.mx\/index.php?rest_route=\/wp\/v2\/posts\/68890","targetHints":{"allow":["GET"]}}],"collection":[{"href":"https:\/\/encuentroinformativo.com.mx\/index.php?rest_route=\/wp\/v2\/posts"}],"about":[{"href":"https:\/\/encuentroinformativo.com.mx\/index.php?rest_route=\/wp\/v2\/types\/post"}],"author":[{"embeddable":true,"href":"https:\/\/encuentroinformativo.com.mx\/index.php?rest_route=\/wp\/v2\/users\/2476"}],"replies":[{"embeddable":true,"href":"https:\/\/encuentroinformativo.com.mx\/index.php?rest_route=%2Fwp%2Fv2%2Fcomments&post=68890"}],"version-history":[{"count":1,"href":"https:\/\/encuentroinformativo.com.mx\/index.php?rest_route=\/wp\/v2\/posts\/68890\/revisions"}],"predecessor-version":[{"id":68893,"href":"https:\/\/encuentroinformativo.com.mx\/index.php?rest_route=\/wp\/v2\/posts\/68890\/revisions\/68893"}],"wp:featuredmedia":[{"embeddable":true,"href":"https:\/\/encuentroinformativo.com.mx\/index.php?rest_route=\/wp\/v2\/media\/68891"}],"wp:attachment":[{"href":"https:\/\/encuentroinformativo.com.mx\/index.php?rest_route=%2Fwp%2Fv2%2Fmedia&parent=68890"}],"wp:term":[{"taxonomy":"category","embeddable":true,"href":"https:\/\/encuentroinformativo.com.mx\/index.php?rest_route=%2Fwp%2Fv2%2Fcategories&post=68890"},{"taxonomy":"post_tag","embeddable":true,"href":"https:\/\/encuentroinformativo.com.mx\/index.php?rest_route=%2Fwp%2Fv2%2Ftags&post=68890"}],"curies":[{"name":"wp","href":"https:\/\/api.w.org\/{rel}","templated":true}]}}