{"id":68894,"date":"2025-06-27T14:13:14","date_gmt":"2025-06-27T20:13:14","guid":{"rendered":"https:\/\/encuentroinformativo.com.mx\/?p=68894"},"modified":"2025-06-27T14:13:14","modified_gmt":"2025-06-27T20:13:14","slug":"congreso-no-debe-congelar-tema-de-desaparecidos-anais-palacios","status":"publish","type":"post","link":"https:\/\/encuentroinformativo.com.mx\/?p=68894","title":{"rendered":"Congreso no debe &#8220;congelar&#8221; tema de desaparecidos: Ana\u00eds Palacios"},"content":{"rendered":"<p><strong>Dar\u00edo Pale<\/strong><\/p>\n<p>Xalapa, Ver.- La activista Ana\u00eds Palacios P\u00e9rez integrante del Instituto Mexicano de Derechos Humanos y Democracia A.C., dio a conocer que, la fosa de los 12 cuerpos de El Castillo son los que se han localizado desde el 2023, \u201ctambi\u00e9n tenemos que retomar con la gobernadora el tema presupuestal\u201d.<\/p>\n<p>Sobre el tema de la fosa clandestina de El Castillo del municipio de Xalapa coment\u00f3 que no siempre se puede saber si fue un cuerpo, aunque se vea una cantidad enorme de huesos, no sabes si es una, dos, tres personas.<\/p>\n<p>\u201cPero lo que creo que trataron de decir es que este hallazgo de hasta 12 cuerpos se ha dado en el contexto de b\u00fasquedas que vienen desde el a\u00f1o 2023 y es que es imposible en una semana, por ejemplo, a veces agotar un predio donde puede o no puede haber cad\u00e1veres de personas., entonces, no creo que haya sido por minimizar, m\u00e1s bien creo que hubo una cuesti\u00f3n de que sali\u00f3 a la luz algo que ya ven\u00eda document\u00e1ndose y que ya ven\u00eda pasando\u201d, se\u00f1al\u00f3.<\/p>\n<p>\u201cPero lo preocupante, y perd\u00f3n que no quisiera minimizar eso de los 12 cuerpos, es que todos los d\u00edas est\u00e1 ocurriendo, creo que es positivo cuando estos hallazgos se dan bajo el acompa\u00f1amiento, bajo la disposici\u00f3n de condiciones seguras para las familias porque nos ha tocado d\u00f3nde hay detonaciones y tenemos que salir, entonces dices, bueno, no, \u00bfqu\u00e9 iban a buscar ah\u00ed?, a veces retomamos dos, tres, cuatro, seis meses despu\u00e9s\u201d, agreg\u00f3.<\/p>\n<p>Dijo que lo m\u00e1s importante es ver que procesamientos se le est\u00e1 dando a los 12 individuos que han sido localizados hasta ahora, sus familias fueron notificadas, el procedimiento fue correcto, creo que hay una cuesti\u00f3n, y las familias lo saben, hay m\u00e1s de 52 mil fragmentos, cuerpos, restos, en el estado de Veracruz.<\/p>\n<p>\u201cPorque esos 19 mil fragmentos que se localizaron en 2016, pues no sabemos cu\u00e1ntas personas est\u00e1n ah\u00ed, son fragmentos y no todos son susceptibles de an\u00e1lisis entonces, tambi\u00e9n tenemos que retomar con la gobernadora el tema presupuestal, tiene a\u00f1os, de verdad, que se est\u00e1 tocando ese tema\u201d, coment\u00f3.<\/p>\n<p>Ya tocaron las puertas de la JUCOPO, de la presidencia de la mesa directiva, en alg\u00fan momento compartieron con los medios de comunicaci\u00f3n si era m\u00e1s importante, una comisi\u00f3n de la vainilla, y lo que pas\u00f3 el jueves pasado es que el grupo legislativo del PAN a trav\u00e9s de la diputada Alicia Delf\u00edn y uno que se apellida Cambranis, presentaron la iniciativa para crear la comisi\u00f3n permanente que d\u00e9 seguimiento a los casos de desaparici\u00f3n.<\/p>\n<p>\u201cSi siguen con la pol\u00edtica de echarse la bolita uno al otro, como en la administraci\u00f3n anterior, el tema de los desaparecidos, m\u00e1s all\u00e1 de las marchas que puedan hacer las compa\u00f1eras de los colectivos, se va a quedar en la congeladora como lo tuvo la legislatura pasada, que no movieron un dedo, pero se tomaban fotos con el gobernador y con las v\u00edctimas como si trabajaran para ellas\u201d, acus\u00f3.<\/p>\n<p>Por ahora ven una intenci\u00f3n bastante distinta por parte del presidente de la JUCOPO, pero no nada m\u00e1s es que reciban, tomen una foto, salga una nota ah\u00ed en Legisver, y despu\u00e9s nos olvidemos seis a\u00f1os del tema.<\/p>\n<p>Es una cuesti\u00f3n de que las familias, de que los legisladores y de que todos los actores pol\u00edticos que tengan intervenci\u00f3n hagan lo que les toca, porque est\u00e1 muy f\u00e1cil nadar de muertito, hacer comisiones, sacarse fotos, banderitas de la diversidad y dem\u00e1s, pero las familias y las v\u00edctimas est\u00e1n cada vez en condiciones peores, que hay que regular, s\u00ed, cuestiones de traslados, vi\u00e1ticos, dineros, claro, pero primero la obligaci\u00f3n de las autoridades.<\/p>\n<p>En cuanto a los se\u00f1alamientos que realiz\u00f3 la gobernadora Norma Roc\u00edo Nahle Garc\u00eda sobre los candidatos que est\u00e1n vinculados con la delincuencia organizada coment\u00f3 que, \u201cpues mira, hubo una reforma judicial, hubo elecciones el primero de junio y ah\u00ed magistrados, jueces, tambi\u00e9n ten\u00edan v\u00ednculos con la delincuencia organizada\u201d.<\/p>\n<p>\u201c\u00bfQu\u00e9 pas\u00f3 con Jes\u00fas Romo? Se llama el asesor de presidencia, que resulta que tiene una empresa que fue se\u00f1alada por Estados Unidos por lavado de dinero, o sea, eso pasa en todos lados. La diferencia, y ayer lo ve\u00edamos con la discusi\u00f3n en el Senado, la oposici\u00f3n, los de antes, 1945, hay que legislar, gobernar con la realidad, con la actualidad, y pues eso es trabajo, si no lo hacen, ellos mismos se ponen el pie en lo que hablan\u201d, dijo en entrevista.<\/p>\n<p>Finalmente dio a conocer que, ha habido un movimiento bastante amplio de gobernadores y funcionarios de Morena, de se\u00f1alar c\u00f3mo hay jueces corruptos, pero muchos tienen que ver con el propio partido, \u201cy eso lo investigar\u00e1n en su momento, pues esos que eligieron el pueblo, bueno, y dem\u00e1s, que realmente nada m\u00e1s es un eslogan, el pueblo termina siendo los subordinados de las instituciones y no el pueblo de de veras\u201d.<\/p>\n","protected":false},"excerpt":{"rendered":"<p>Dar\u00edo Pale Xalapa, Ver.- La activista Ana\u00eds Palacios P\u00e9rez integrante del Instituto Mexicano de Derechos Humanos y Democracia A.C., dio a conocer que, la fosa de los 12 cuerpos de El Castillo son los que se han localizado desde el 2023, \u201ctambi\u00e9n tenemos que retomar con la gobernadora el tema presupuestal\u201d. Sobre el tema de [&hellip;]<\/p>\n","protected":false},"author":2476,"featured_media":68895,"comment_status":"open","ping_status":"open","sticky":false,"template":"","format":"standard","meta":{"_jetpack_memberships_contains_paid_content":false,"footnotes":""},"categories":[2],"tags":[],"class_list":["post-68894","post","type-post","status-publish","format-standard","has-post-thumbnail","hentry","category-estado"],"jetpack_featured_media_url":"https:\/\/encuentroinformativo.com.mx\/wp-content\/uploads\/2025\/06\/IMG-20250627-WA01252.jpg","jetpack_sharing_enabled":true,"jetpack_likes_enabled":true,"amp_enabled":true,"_links":{"self":[{"href":"https:\/\/encuentroinformativo.com.mx\/index.php?rest_route=\/wp\/v2\/posts\/68894","targetHints":{"allow":["GET"]}}],"collection":[{"href":"https:\/\/encuentroinformativo.com.mx\/index.php?rest_route=\/wp\/v2\/posts"}],"about":[{"href":"https:\/\/encuentroinformativo.com.mx\/index.php?rest_route=\/wp\/v2\/types\/post"}],"author":[{"embeddable":true,"href":"https:\/\/encuentroinformativo.com.mx\/index.php?rest_route=\/wp\/v2\/users\/2476"}],"replies":[{"embeddable":true,"href":"https:\/\/encuentroinformativo.com.mx\/index.php?rest_route=%2Fwp%2Fv2%2Fcomments&post=68894"}],"version-history":[{"count":1,"href":"https:\/\/encuentroinformativo.com.mx\/index.php?rest_route=\/wp\/v2\/posts\/68894\/revisions"}],"predecessor-version":[{"id":68896,"href":"https:\/\/encuentroinformativo.com.mx\/index.php?rest_route=\/wp\/v2\/posts\/68894\/revisions\/68896"}],"wp:featuredmedia":[{"embeddable":true,"href":"https:\/\/encuentroinformativo.com.mx\/index.php?rest_route=\/wp\/v2\/media\/68895"}],"wp:attachment":[{"href":"https:\/\/encuentroinformativo.com.mx\/index.php?rest_route=%2Fwp%2Fv2%2Fmedia&parent=68894"}],"wp:term":[{"taxonomy":"category","embeddable":true,"href":"https:\/\/encuentroinformativo.com.mx\/index.php?rest_route=%2Fwp%2Fv2%2Fcategories&post=68894"},{"taxonomy":"post_tag","embeddable":true,"href":"https:\/\/encuentroinformativo.com.mx\/index.php?rest_route=%2Fwp%2Fv2%2Ftags&post=68894"}],"curies":[{"name":"wp","href":"https:\/\/api.w.org\/{rel}","templated":true}]}}