{"id":68907,"date":"2025-06-28T14:01:39","date_gmt":"2025-06-28T20:01:39","guid":{"rendered":"https:\/\/encuentroinformativo.com.mx\/?p=68907"},"modified":"2025-06-28T14:01:39","modified_gmt":"2025-06-28T20:01:39","slug":"invitan-a-movimiento-poetico-mundial-en-xalapa","status":"publish","type":"post","link":"https:\/\/encuentroinformativo.com.mx\/?p=68907","title":{"rendered":"Invitan a Movimiento Po\u00e9tico Mundial en Xalapa\u00a0"},"content":{"rendered":"<p><strong>Dar\u00edo Pale<\/strong><\/p>\n<p>Xalapa, Ver.- Representantes de diversos colectivos y grupos xalape\u00f1os invitaron a la ciudadan\u00eda en general para que participe en el Movimiento Po\u00e9tico Mundial para la campa\u00f1a \u201dToda la poes\u00eda del mundo con Gaza\u201d, el cual se realizar\u00e1 el d\u00eda de ma\u00f1ana de 5 de la tarde a 8 de la noche en conocido caf\u00e9 de Allende.<\/p>\n<p>Est\u00e1 invitando a poetas de todo el mundo para que se organicen y hagan eventos de poes\u00eda en solidaridad con Gaza, va a haber eventos el d\u00eda de hoy y ma\u00f1ana en 108 pa\u00edses a lo largo de todo el mundo.<\/p>\n<p>An\u00edbal Malaparte, del Colectivo Acero coment\u00f3 que, \u201cahora, nosotros, como parte de este esfuerzo de autoorganizaci\u00f3n a nivel mundial, nos organizamos aqu\u00ed en Xalapa para hacer un evento el d\u00eda de ma\u00f1ana de 5 a 8 de la tarde en el Caf\u00e9 Malquerido, en Allende n\u00famero 33, zona centro, donde no solamente vamos a estar leyendo poes\u00eda de autores Xalape\u00f1os, sino tambi\u00e9n vamos a estar leyendo poes\u00eda de autores palestinos\u201d, se\u00f1alaron.<\/p>\n<p>\u201cAl mismo tiempo vamos a estar reuniendo firmas de lo que han estado organizando los compa\u00f1eros de Xalapa por Palestina por el rompimiento de las relaciones entre M\u00e9xico e Israel, las relaciones diplom\u00e1ticas, y tambi\u00e9n se estar\u00e1 reuniendo dinero para la compra de pipas de agua para apoyar a la poblaci\u00f3n que en este momento est\u00e1 sufriendo el asedio del Ej\u00e9rcito sionista\u201d, agreg\u00f3.<\/p>\n<p>Entonces ma\u00f1ana, de 5 a 8, en el Caf\u00e9 Malquerido, en la zona centro, Allende n\u00famero 33, convocamos a poetas, artistas y en general a toda la poblaci\u00f3n solidaria de Jalapa<br \/>\na acudir al evento y a expresar su solidaridad.<\/p>\n<p>Por otra parte, Han Carvajal integrante del Club de los Poetas Muertos de aqu\u00ed de Xalapa, dio a conocer que hacen poes\u00eda y tambi\u00e9n est\u00e1n apoyando a sus compa\u00f1eros por la buena causa.<\/p>\n<p>Dio a conocer que, la convocatoria surge en La Habana Cuba, a trav\u00e9s del Movimiento Po\u00e9tico Mundial, y a partir de ese momento se empezaron a organizar por internet para comenzar a hacer esta serie de eventos.<\/p>\n<p>\u201cAl d\u00eda de ayer ya estaban organizados en 108 pa\u00edses, de todos lados son grupos de poetas como nosotros, que vieron la convocatoria y decidimos auto-organizarnos para sacar estos eventos a nivel mundial, el evento de ma\u00f1ana es lectura de poetas Xalape\u00f1os, lectura de poetas palestinos, reuni\u00f3n de firmas para el rompimiento de relaciones diplom\u00e1ticas M\u00e9xico con el Estado sionista\u201d, coment\u00f3.<\/p>\n<p>En uso de la voz Juan Guti\u00e9rrez, del Frente Xalapa por Palestina coment\u00f3 que han realizado diferentes actividades en la ciudad de Xalapa m\u00e1s que nada promoviendo esta colecta de firmas para una iniciativa ciudadana que no tiene que ver con ning\u00fan partido pol\u00edtico ni es en contra de ning\u00fan partido pol\u00edtico.<\/p>\n<p>\u201cLo hacemos meramente como ciudadanos interesados en esta causa y pues tenemos como esa inquietud de hacer que las voces de los palestinos que est\u00e1n injustamente siendo asesinados en Gaza, sean escuchadas y se haga justicia, pues pedimos en esta iniciativa ciudadana a la presidenta, que es nuestra m\u00e1xima autoridad, que rompa relaciones con el gobierno de Israel, porque no podemos estar haciendo negocios y tener amistad con un pa\u00eds que est\u00e1 cometiendo un genocidio, que no se reconoce, que mucho se oculta de este hecho<br \/>\ny se le trata de un genocidio\u201d, acus\u00f3.<\/p>\n<p>Finalmente dio a conocer que son 631 d\u00edas ya de este genocidio en Gaza, con la excusa de acabar con los terroristas de Hamas, pero 631 d\u00edas contra una poblaci\u00f3n civil, nos parece pues un completo atropello y debe denunciarse.<\/p>\n","protected":false},"excerpt":{"rendered":"<p>Dar\u00edo Pale Xalapa, Ver.- Representantes de diversos colectivos y grupos xalape\u00f1os invitaron a la ciudadan\u00eda en general para que participe en el Movimiento Po\u00e9tico Mundial para la campa\u00f1a \u201dToda la poes\u00eda del mundo con Gaza\u201d, el cual se realizar\u00e1 el d\u00eda de ma\u00f1ana de 5 de la tarde a 8 de la noche en conocido [&hellip;]<\/p>\n","protected":false},"author":2476,"featured_media":68908,"comment_status":"open","ping_status":"open","sticky":false,"template":"","format":"standard","meta":{"_jetpack_memberships_contains_paid_content":false,"footnotes":""},"categories":[3],"tags":[],"class_list":["post-68907","post","type-post","status-publish","format-standard","has-post-thumbnail","hentry","category-xalapa"],"jetpack_featured_media_url":"https:\/\/encuentroinformativo.com.mx\/wp-content\/uploads\/2025\/06\/IMG-20250628-WA0072.jpg","jetpack_sharing_enabled":true,"jetpack_likes_enabled":true,"amp_enabled":true,"_links":{"self":[{"href":"https:\/\/encuentroinformativo.com.mx\/index.php?rest_route=\/wp\/v2\/posts\/68907","targetHints":{"allow":["GET"]}}],"collection":[{"href":"https:\/\/encuentroinformativo.com.mx\/index.php?rest_route=\/wp\/v2\/posts"}],"about":[{"href":"https:\/\/encuentroinformativo.com.mx\/index.php?rest_route=\/wp\/v2\/types\/post"}],"author":[{"embeddable":true,"href":"https:\/\/encuentroinformativo.com.mx\/index.php?rest_route=\/wp\/v2\/users\/2476"}],"replies":[{"embeddable":true,"href":"https:\/\/encuentroinformativo.com.mx\/index.php?rest_route=%2Fwp%2Fv2%2Fcomments&post=68907"}],"version-history":[{"count":1,"href":"https:\/\/encuentroinformativo.com.mx\/index.php?rest_route=\/wp\/v2\/posts\/68907\/revisions"}],"predecessor-version":[{"id":68909,"href":"https:\/\/encuentroinformativo.com.mx\/index.php?rest_route=\/wp\/v2\/posts\/68907\/revisions\/68909"}],"wp:featuredmedia":[{"embeddable":true,"href":"https:\/\/encuentroinformativo.com.mx\/index.php?rest_route=\/wp\/v2\/media\/68908"}],"wp:attachment":[{"href":"https:\/\/encuentroinformativo.com.mx\/index.php?rest_route=%2Fwp%2Fv2%2Fmedia&parent=68907"}],"wp:term":[{"taxonomy":"category","embeddable":true,"href":"https:\/\/encuentroinformativo.com.mx\/index.php?rest_route=%2Fwp%2Fv2%2Fcategories&post=68907"},{"taxonomy":"post_tag","embeddable":true,"href":"https:\/\/encuentroinformativo.com.mx\/index.php?rest_route=%2Fwp%2Fv2%2Ftags&post=68907"}],"curies":[{"name":"wp","href":"https:\/\/api.w.org\/{rel}","templated":true}]}}