{"id":68910,"date":"2025-06-28T14:43:38","date_gmt":"2025-06-28T20:43:38","guid":{"rendered":"https:\/\/encuentroinformativo.com.mx\/?p=68910"},"modified":"2025-06-28T14:43:38","modified_gmt":"2025-06-28T20:43:38","slug":"corono-rocio-nahle-a-adriana-fonseca-como-reina-del-carnaval-de-veracruz-2025","status":"publish","type":"post","link":"https:\/\/encuentroinformativo.com.mx\/?p=68910","title":{"rendered":"Coron\u00f3 Roc\u00edo Nahle a Adriana Fonseca como Reina del Carnaval de Veracruz 2025"},"content":{"rendered":"<p><strong>Alejandro \u00c1vila<\/strong><\/p>\n<p>Veracruz, Ver.- La gobernadora, Roc\u00edo Nahle coron\u00f3 a la Reina del Carnaval de Veracruz 2025, Adriana Fonseca; por su parte, la alcaldesa Patricia Lobeira hizo lo propio con el Rey, Juan C\u00f3rdoba &#8220;Panda I&#8221;.<\/p>\n<p>La ceremonia de coronaci\u00f3n celebrada en el World Trade Center dio inicio con la coronaci\u00f3n de la Corte Infantil. La alcaldesa de Veracruz, Patricia Lobeira Rodr\u00edguez, fue la encargada de coronar a Manuel Barbeito de la Vega \u201cManuelito I\u201d y a Aryam Barrientos Reyes \u201cAryam I\u201d, como Reyes Infantiles del Carnaval 2025.<\/p>\n<p>Entre los invitados especiales estuvieron presentes la alcaldesa electa de Veracruz, Rosa Mar\u00eda Hern\u00e1ndez Espejo; el alcalde de Boca del R\u00edo, Juan Manuel Unanue, acompa\u00f1ado de su esposa Melina Rivera de Unanue; y la alcaldesa electa Maryjose Gamboa.<\/p>\n<p>Posterior a la coronaci\u00f3n, Juan Luis Guerra puso a bailar a todos los asistentes en el primer gran concierto.<\/p>\n<p>Este s\u00e1bado 28 de junio, se realizar el primer desfile sobre el bulevar Manuel \u00c1vila Camacho a las 17 horas (Sur a Norte), con la participaci\u00f3n de Daniel Elbittar y Paolita Su\u00e1rez; posteriormente a las 21:30 horas el concierto de Manuel Turizo en el World Trade Center.<\/p>\n","protected":false},"excerpt":{"rendered":"<p>Alejandro \u00c1vila Veracruz, Ver.- La gobernadora, Roc\u00edo Nahle coron\u00f3 a la Reina del Carnaval de Veracruz 2025, Adriana Fonseca; por su parte, la alcaldesa Patricia Lobeira hizo lo propio con el Rey, Juan C\u00f3rdoba &#8220;Panda I&#8221;. La ceremonia de coronaci\u00f3n celebrada en el World Trade Center dio inicio con la coronaci\u00f3n de la Corte Infantil. [&hellip;]<\/p>\n","protected":false},"author":2476,"featured_media":68911,"comment_status":"open","ping_status":"open","sticky":false,"template":"","format":"standard","meta":{"_jetpack_memberships_contains_paid_content":false,"footnotes":""},"categories":[2],"tags":[],"class_list":["post-68910","post","type-post","status-publish","format-standard","has-post-thumbnail","hentry","category-estado"],"jetpack_featured_media_url":"https:\/\/encuentroinformativo.com.mx\/wp-content\/uploads\/2025\/06\/IMG-20250628-WA0027.jpg","jetpack_sharing_enabled":true,"jetpack_likes_enabled":true,"amp_enabled":true,"_links":{"self":[{"href":"https:\/\/encuentroinformativo.com.mx\/index.php?rest_route=\/wp\/v2\/posts\/68910","targetHints":{"allow":["GET"]}}],"collection":[{"href":"https:\/\/encuentroinformativo.com.mx\/index.php?rest_route=\/wp\/v2\/posts"}],"about":[{"href":"https:\/\/encuentroinformativo.com.mx\/index.php?rest_route=\/wp\/v2\/types\/post"}],"author":[{"embeddable":true,"href":"https:\/\/encuentroinformativo.com.mx\/index.php?rest_route=\/wp\/v2\/users\/2476"}],"replies":[{"embeddable":true,"href":"https:\/\/encuentroinformativo.com.mx\/index.php?rest_route=%2Fwp%2Fv2%2Fcomments&post=68910"}],"version-history":[{"count":1,"href":"https:\/\/encuentroinformativo.com.mx\/index.php?rest_route=\/wp\/v2\/posts\/68910\/revisions"}],"predecessor-version":[{"id":68912,"href":"https:\/\/encuentroinformativo.com.mx\/index.php?rest_route=\/wp\/v2\/posts\/68910\/revisions\/68912"}],"wp:featuredmedia":[{"embeddable":true,"href":"https:\/\/encuentroinformativo.com.mx\/index.php?rest_route=\/wp\/v2\/media\/68911"}],"wp:attachment":[{"href":"https:\/\/encuentroinformativo.com.mx\/index.php?rest_route=%2Fwp%2Fv2%2Fmedia&parent=68910"}],"wp:term":[{"taxonomy":"category","embeddable":true,"href":"https:\/\/encuentroinformativo.com.mx\/index.php?rest_route=%2Fwp%2Fv2%2Fcategories&post=68910"},{"taxonomy":"post_tag","embeddable":true,"href":"https:\/\/encuentroinformativo.com.mx\/index.php?rest_route=%2Fwp%2Fv2%2Ftags&post=68910"}],"curies":[{"name":"wp","href":"https:\/\/api.w.org\/{rel}","templated":true}]}}