{"id":68916,"date":"2025-06-28T14:53:56","date_gmt":"2025-06-28T20:53:56","guid":{"rendered":"https:\/\/encuentroinformativo.com.mx\/?p=68916"},"modified":"2025-06-28T14:53:56","modified_gmt":"2025-06-28T20:53:56","slug":"la-casetera-estara-en-veracruz-en-septiembre","status":"publish","type":"post","link":"https:\/\/encuentroinformativo.com.mx\/?p=68916","title":{"rendered":"La Casetera estar\u00e1 en Veracruz en septiembre"},"content":{"rendered":"<p><strong>Alejandro \u00c1vila<\/strong><\/p>\n<p>Veracruz, Ver.- Veracruz se vestir\u00e1 de gala con uno de los conciertos m\u00e1s esperado de \u00e9xitos del regional mexicano, La Casetera, quien llegar\u00e1 al auditorio Benito Ju\u00e1rez con su tour \u201cCaseterapia\u201d.<\/p>\n<p>Neto Grazzia, Qurri Padilla, Yuli Flores, Fede Caballero, Omar Hech y Paco L\u00f3pez,est\u00e1n emocionados de presentar este tour el pr\u00f3ximo s\u00e1bado 20 de septiembre con un repertorio de \u00e9xitos de los a\u00f1os 90 de agrupaciones como Grupo L\u00edmite y Guardianes del Amor, a los que imprimen un estilo fresco y contempor\u00e1neo.<\/p>\n<p>Formada hace seis a\u00f1os, La Casetera est\u00e1 integrada por m\u00fasicos de gran trayectoria en la m\u00fasica popular: Neto Grazzia, Qurri Padilla, Yuli Flores, Fede Caballero, Omar Hech y Paco L\u00f3pez, quienes reviven cl\u00e1sicos del g\u00e9nero grupero, cumbia, tejano y sonora.<\/p>\n<p>Recientemente la agrupaci\u00f3n present\u00f3 su \u00e1lbum in\u00e9dito \u201cLado A\u201d. Actualmente, la banda recorre el pa\u00eds con su gira oficial Caseterapia, que cuenta con m\u00e1s de 50 fechas programadas, incluyendo Veracruz; boletos disponibles en E Ticket.<\/p>\n","protected":false},"excerpt":{"rendered":"<p>Alejandro \u00c1vila Veracruz, Ver.- Veracruz se vestir\u00e1 de gala con uno de los conciertos m\u00e1s esperado de \u00e9xitos del regional mexicano, La Casetera, quien llegar\u00e1 al auditorio Benito Ju\u00e1rez con su tour \u201cCaseterapia\u201d. Neto Grazzia, Qurri Padilla, Yuli Flores, Fede Caballero, Omar Hech y Paco L\u00f3pez,est\u00e1n emocionados de presentar este tour el pr\u00f3ximo s\u00e1bado 20 [&hellip;]<\/p>\n","protected":false},"author":2476,"featured_media":68917,"comment_status":"open","ping_status":"open","sticky":false,"template":"","format":"standard","meta":{"_jetpack_memberships_contains_paid_content":false,"footnotes":""},"categories":[2],"tags":[],"class_list":["post-68916","post","type-post","status-publish","format-standard","has-post-thumbnail","hentry","category-estado"],"jetpack_featured_media_url":"https:\/\/encuentroinformativo.com.mx\/wp-content\/uploads\/2025\/06\/IMG-20250628-WA0044.jpg","jetpack_sharing_enabled":true,"jetpack_likes_enabled":true,"amp_enabled":true,"_links":{"self":[{"href":"https:\/\/encuentroinformativo.com.mx\/index.php?rest_route=\/wp\/v2\/posts\/68916","targetHints":{"allow":["GET"]}}],"collection":[{"href":"https:\/\/encuentroinformativo.com.mx\/index.php?rest_route=\/wp\/v2\/posts"}],"about":[{"href":"https:\/\/encuentroinformativo.com.mx\/index.php?rest_route=\/wp\/v2\/types\/post"}],"author":[{"embeddable":true,"href":"https:\/\/encuentroinformativo.com.mx\/index.php?rest_route=\/wp\/v2\/users\/2476"}],"replies":[{"embeddable":true,"href":"https:\/\/encuentroinformativo.com.mx\/index.php?rest_route=%2Fwp%2Fv2%2Fcomments&post=68916"}],"version-history":[{"count":1,"href":"https:\/\/encuentroinformativo.com.mx\/index.php?rest_route=\/wp\/v2\/posts\/68916\/revisions"}],"predecessor-version":[{"id":68918,"href":"https:\/\/encuentroinformativo.com.mx\/index.php?rest_route=\/wp\/v2\/posts\/68916\/revisions\/68918"}],"wp:featuredmedia":[{"embeddable":true,"href":"https:\/\/encuentroinformativo.com.mx\/index.php?rest_route=\/wp\/v2\/media\/68917"}],"wp:attachment":[{"href":"https:\/\/encuentroinformativo.com.mx\/index.php?rest_route=%2Fwp%2Fv2%2Fmedia&parent=68916"}],"wp:term":[{"taxonomy":"category","embeddable":true,"href":"https:\/\/encuentroinformativo.com.mx\/index.php?rest_route=%2Fwp%2Fv2%2Fcategories&post=68916"},{"taxonomy":"post_tag","embeddable":true,"href":"https:\/\/encuentroinformativo.com.mx\/index.php?rest_route=%2Fwp%2Fv2%2Ftags&post=68916"}],"curies":[{"name":"wp","href":"https:\/\/api.w.org\/{rel}","templated":true}]}}