{"id":68940,"date":"2025-06-30T12:19:32","date_gmt":"2025-06-30T18:19:32","guid":{"rendered":"https:\/\/encuentroinformativo.com.mx\/?p=68940"},"modified":"2025-06-30T12:19:32","modified_gmt":"2025-06-30T18:19:32","slug":"valida-ople-eleccion-a-cargos-del-poder-judicial","status":"publish","type":"post","link":"https:\/\/encuentroinformativo.com.mx\/?p=68940","title":{"rendered":"V\u00e1lida OPLE elecci\u00f3n a cargos del Poder Judicial"},"content":{"rendered":"<p><strong>Dar\u00edo Pale<\/strong><\/p>\n<p>Xalapa, Ver.- El Consejo General del Organismo P\u00fablico Local Electoral (OPLE) realizar\u00e1 el c\u00f3mputo oficial, la validaci\u00f3n de la elecci\u00f3n y la entrega de constancias a las personas que obtuvieron la mayor\u00eda de los votos, esto luego de un mes despu\u00e9s de la jornada electoral en la que por primera vez se eligieron 98 cargos del Poder Judicial de Veracruz.<\/p>\n<p>En esta primera elecci\u00f3n judicial, la ciudadan\u00eda veracruzana eligi\u00f3 98 cargos del Poder Judicial de Veracruz, 21 magistraturas y 77 jueces de Primera Instancia, por lo que este lunes 30 de junio a las 19:30 horas se desarrollar\u00e1 la sesi\u00f3n p\u00fablica en la que se llevar\u00e1 a cabo el proceso del c\u00f3mputo general, con el cual se dar\u00e1 validez a esta primera elecci\u00f3n de cargos judiciales en la entidad.<\/p>\n<p>El retraso en el c\u00f3mputo de estos cargos se debi\u00f3 a que esta elecci\u00f3n se desarroll\u00f3 al mismo tiempo que la renovaci\u00f3n de los 212 ayuntamientos, por lo que se determin\u00f3 que el conteo iniciar\u00eda una vez que fueran entregadas las constancias de mayor\u00eda a las personas alcaldesas electas.<\/p>\n<p>Tras este incidente, el Consejo General del OPLE determin\u00f3 aplicar el m\u00e9todo voto por voto en los 27 Consejos Municipales Habilitados que fueron instalados para este conteo, proceso que fue transmitido en vivo en redes sociales y cont\u00f3 con notarios, integrantes de la Oficial\u00eda del organismo y observadores electorales.<\/p>\n<p>Ante ello, el c\u00f3mputo de cargos judiciales inici\u00f3 el 9 de junio con el uso de una plataforma que registr\u00f3 fallas a las dos horas de haberse puesto en marcha.<\/p>\n<p>Una vez que los 27 Consejos Municipales habilitados concluyeron el c\u00f3mputo, las presidencias de cada uno realiz\u00f3 la entrega de las actas de escrutinio y c\u00f3mputo de todos los cargos al Consejo General del organismo, las cuales tendr\u00e1n que estar certificadas por un notario p\u00fablico y la Oficial\u00eda del OPLE.<\/p>\n<p>El c\u00f3mputo general se realizar\u00e1 en sesi\u00f3n p\u00fablica, la cual ser\u00e1 transmitida en las redes sociales oficiales, a fin de que las personas que fueron candidatas est\u00e9n pendientes del mismo.<\/p>\n<p>De acuerdo con el proyecto de Acuerdo del Consejo General se iniciar\u00e1 con el c\u00f3mputo estatal, la declaraci\u00f3n de validez de la elecci\u00f3n de las 15 magistraturas del Tribunal Superior de Justicia, y se asignar\u00e1n las constancias de mayor\u00eda a las candidaturas que obtuvieron el mayor n\u00famero de votos.<\/p>\n<p>Tras ello, se continuar\u00e1 con el conteo de cinco magistraturas del Tribunal de Disciplina Judicial y la entrega de constancias de mayor\u00eda.<\/p>\n<p>Cabe se\u00f1alar que el tercer c\u00f3mputo ser\u00e1 el de la magistratura del Tribunal de Conciliaci\u00f3n y Arbitraje, y se entregar\u00e1 la constancia de mayor\u00eda a la candidatura que obtuvo el mayor n\u00famero de votos.<\/p>\n<p>Finalmente, se realizar\u00e1 el c\u00f3mputo de los 77 cargos de juezas y jueces de Primera Instancia y se asignan las constancias de mayor\u00eda a las candidaturas que obtuvieron el mayor n\u00famero de votos.<\/p>\n","protected":false},"excerpt":{"rendered":"<p>Dar\u00edo Pale Xalapa, Ver.- El Consejo General del Organismo P\u00fablico Local Electoral (OPLE) realizar\u00e1 el c\u00f3mputo oficial, la validaci\u00f3n de la elecci\u00f3n y la entrega de constancias a las personas que obtuvieron la mayor\u00eda de los votos, esto luego de un mes despu\u00e9s de la jornada electoral en la que por primera vez se eligieron [&hellip;]<\/p>\n","protected":false},"author":2476,"featured_media":68941,"comment_status":"open","ping_status":"open","sticky":false,"template":"","format":"standard","meta":{"_jetpack_memberships_contains_paid_content":false,"footnotes":""},"categories":[2],"tags":[],"class_list":["post-68940","post","type-post","status-publish","format-standard","has-post-thumbnail","hentry","category-estado"],"jetpack_featured_media_url":"https:\/\/encuentroinformativo.com.mx\/wp-content\/uploads\/2025\/06\/IMG-20250630-WA0125.jpg","jetpack_sharing_enabled":true,"jetpack_likes_enabled":true,"amp_enabled":true,"_links":{"self":[{"href":"https:\/\/encuentroinformativo.com.mx\/index.php?rest_route=\/wp\/v2\/posts\/68940","targetHints":{"allow":["GET"]}}],"collection":[{"href":"https:\/\/encuentroinformativo.com.mx\/index.php?rest_route=\/wp\/v2\/posts"}],"about":[{"href":"https:\/\/encuentroinformativo.com.mx\/index.php?rest_route=\/wp\/v2\/types\/post"}],"author":[{"embeddable":true,"href":"https:\/\/encuentroinformativo.com.mx\/index.php?rest_route=\/wp\/v2\/users\/2476"}],"replies":[{"embeddable":true,"href":"https:\/\/encuentroinformativo.com.mx\/index.php?rest_route=%2Fwp%2Fv2%2Fcomments&post=68940"}],"version-history":[{"count":1,"href":"https:\/\/encuentroinformativo.com.mx\/index.php?rest_route=\/wp\/v2\/posts\/68940\/revisions"}],"predecessor-version":[{"id":68942,"href":"https:\/\/encuentroinformativo.com.mx\/index.php?rest_route=\/wp\/v2\/posts\/68940\/revisions\/68942"}],"wp:featuredmedia":[{"embeddable":true,"href":"https:\/\/encuentroinformativo.com.mx\/index.php?rest_route=\/wp\/v2\/media\/68941"}],"wp:attachment":[{"href":"https:\/\/encuentroinformativo.com.mx\/index.php?rest_route=%2Fwp%2Fv2%2Fmedia&parent=68940"}],"wp:term":[{"taxonomy":"category","embeddable":true,"href":"https:\/\/encuentroinformativo.com.mx\/index.php?rest_route=%2Fwp%2Fv2%2Fcategories&post=68940"},{"taxonomy":"post_tag","embeddable":true,"href":"https:\/\/encuentroinformativo.com.mx\/index.php?rest_route=%2Fwp%2Fv2%2Ftags&post=68940"}],"curies":[{"name":"wp","href":"https:\/\/api.w.org\/{rel}","templated":true}]}}