{"id":68954,"date":"2025-06-30T17:54:39","date_gmt":"2025-06-30T23:54:39","guid":{"rendered":"https:\/\/encuentroinformativo.com.mx\/?p=68954"},"modified":"2025-06-30T17:54:39","modified_gmt":"2025-06-30T23:54:39","slug":"cumple-lutgarda-madrigal-todos-los-requisitos-en-la-comision-de-busqueda","status":"publish","type":"post","link":"https:\/\/encuentroinformativo.com.mx\/?p=68954","title":{"rendered":"Cumple Lutgarda Madrigal todos los requisitos en la Comisi\u00f3n de B\u00fasqueda"},"content":{"rendered":"<p><strong>Dar\u00edo Pale<\/strong><\/p>\n<p>Xalapa, Ver.- La gobernadora Norma Roc\u00edo Nahle Garc\u00eda dio a conocer que el nombramiento de Lutgarda Madrigal Vald\u00e9z como titular de la Comisi\u00f3n Estatal de B\u00fasqueda de Personas en Veracruz (CEBV), se debe a que es una persona que ha llevado este tema tan dif\u00edcil y tan complicado.<\/p>\n<p>Dijo que ella es una persona especialista en el tema, es una persona que ha llevado este tema tan dif\u00edcil y tan complicado, algunos colectivos, me lo est\u00e1n diciendo, no la ven mal es una responsabilidad que tiene que sacar, ya que no es un tema democr\u00e1tico.<\/p>\n<p>\u201cEl tema democr\u00e1tico se ve en otros lados, este es un tema serio, de especialista, de atenci\u00f3n, de disposici\u00f3n, de tiempo, y por eso, por eso decidimos nombrarla, nos ayuda mucho y yo le agradezco a ella y a todos los servidores p\u00fablicos\u201d, se\u00f1al\u00f3.<\/p>\n<p>\u201cLos servidores p\u00fablicos son para ayudarme, ayudarme en la dif\u00edcil tarea de gobernar, es dif\u00edcil la tarea de gobernar, pero necesito personas especialistas, con voluntad, con ganas, que quieran y ese tema es bien sencillo, entonces, yo le agradezco que se nos haya acercado y que est\u00e9 a la disposici\u00f3n, que es una persona, que cumple todos los requisitos\u201d, agreg\u00f3.<\/p>\n<p>Por otra parte el secretario de gobierno Ricardo Ahued Bardahuil dio a conocer que, \u201cel tema que se tiene que atender es transparencia, atenci\u00f3n e inclusi\u00f3n a todas y todos los grupos colectivos, sin duda, y tambi\u00e9n las y los que participaron, excelentes personas, rogamos que al mismo tiempo sigan participando con su observancia, su vigilancia y que el proceso se lleve en un tema tan sensible e importante\u201d.<\/p>\n<p>Pidi\u00f3 que tengan la certeza de que la mesa est\u00e1 abierta para que en ese espacio la opini\u00f3n se atienda y a todas y todos los colectivos sin distingo.<\/p>\n<p>Finalmente se\u00f1al\u00f3 que, \u201cs\u00ed hay que darle prioridad, transparencia al manejo administrativo, debe ser muy abierto, muy transparente, para que no se opase ese recurso que se maneja, darle seguimiento y apoyo econ\u00f3mico a todos los colectivos\u201d.<\/p>\n","protected":false},"excerpt":{"rendered":"<p>Dar\u00edo Pale Xalapa, Ver.- La gobernadora Norma Roc\u00edo Nahle Garc\u00eda dio a conocer que el nombramiento de Lutgarda Madrigal Vald\u00e9z como titular de la Comisi\u00f3n Estatal de B\u00fasqueda de Personas en Veracruz (CEBV), se debe a que es una persona que ha llevado este tema tan dif\u00edcil y tan complicado. Dijo que ella es una [&hellip;]<\/p>\n","protected":false},"author":2476,"featured_media":68953,"comment_status":"open","ping_status":"open","sticky":false,"template":"","format":"standard","meta":{"_jetpack_memberships_contains_paid_content":false,"footnotes":""},"categories":[2],"tags":[],"class_list":["post-68954","post","type-post","status-publish","format-standard","has-post-thumbnail","hentry","category-estado"],"jetpack_featured_media_url":"https:\/\/encuentroinformativo.com.mx\/wp-content\/uploads\/2025\/06\/IMG-20250630-WA02282.jpg","jetpack_sharing_enabled":true,"jetpack_likes_enabled":true,"amp_enabled":true,"_links":{"self":[{"href":"https:\/\/encuentroinformativo.com.mx\/index.php?rest_route=\/wp\/v2\/posts\/68954","targetHints":{"allow":["GET"]}}],"collection":[{"href":"https:\/\/encuentroinformativo.com.mx\/index.php?rest_route=\/wp\/v2\/posts"}],"about":[{"href":"https:\/\/encuentroinformativo.com.mx\/index.php?rest_route=\/wp\/v2\/types\/post"}],"author":[{"embeddable":true,"href":"https:\/\/encuentroinformativo.com.mx\/index.php?rest_route=\/wp\/v2\/users\/2476"}],"replies":[{"embeddable":true,"href":"https:\/\/encuentroinformativo.com.mx\/index.php?rest_route=%2Fwp%2Fv2%2Fcomments&post=68954"}],"version-history":[{"count":1,"href":"https:\/\/encuentroinformativo.com.mx\/index.php?rest_route=\/wp\/v2\/posts\/68954\/revisions"}],"predecessor-version":[{"id":68955,"href":"https:\/\/encuentroinformativo.com.mx\/index.php?rest_route=\/wp\/v2\/posts\/68954\/revisions\/68955"}],"wp:featuredmedia":[{"embeddable":true,"href":"https:\/\/encuentroinformativo.com.mx\/index.php?rest_route=\/wp\/v2\/media\/68953"}],"wp:attachment":[{"href":"https:\/\/encuentroinformativo.com.mx\/index.php?rest_route=%2Fwp%2Fv2%2Fmedia&parent=68954"}],"wp:term":[{"taxonomy":"category","embeddable":true,"href":"https:\/\/encuentroinformativo.com.mx\/index.php?rest_route=%2Fwp%2Fv2%2Fcategories&post=68954"},{"taxonomy":"post_tag","embeddable":true,"href":"https:\/\/encuentroinformativo.com.mx\/index.php?rest_route=%2Fwp%2Fv2%2Ftags&post=68954"}],"curies":[{"name":"wp","href":"https:\/\/api.w.org\/{rel}","templated":true}]}}