{"id":68956,"date":"2025-06-30T19:22:33","date_gmt":"2025-07-01T01:22:33","guid":{"rendered":"https:\/\/encuentroinformativo.com.mx\/?p=68956"},"modified":"2025-06-30T19:22:33","modified_gmt":"2025-07-01T01:22:33","slug":"realiza-movimiento-ciudadano-primer-encuentro-con-las-41-alcaldesas-y-alcaldes-electas","status":"publish","type":"post","link":"https:\/\/encuentroinformativo.com.mx\/?p=68956","title":{"rendered":"Realiza Movimiento Ciudadano primer encuentro con las 41 alcaldesas y alcaldes electas"},"content":{"rendered":"<p><strong>* El dirigente Luis Carbonell de la Hoz pidi\u00f3 trabajar de cerca con la ciudadan\u00eda para hacer buenos gobiernos.<\/strong><\/p>\n<p>Xalapa, Ver.- Movimiento Ciudadano tiene el compromiso de hacer buenos gobiernos y convertir a Veracruz en un referente nacional. Por ello, este fin de semana se llev\u00f3 a cabo un Encuentro con Alcaldesas y Alcaldes Electos de Movimiento Ciudadano, de norte a sur del Estado, con el objetivo de construir gobiernos ciudadanos, cercanos y transparentes.<\/p>\n<p>El coordinador estatal, Luis Carbonell de la Hoz, agradeci\u00f3 el respaldo de la ciudadan\u00eda hacia el proyecto naranja, que hoy se consolida como la segunda fuerza en Veracruz. Reconoci\u00f3 el gran trabajo de todas y todos los candidatos, as\u00ed como de quienes participaron en este proceso:<\/p>\n<p>\u201cHoy vale m\u00e1s el trabajo honesto, la cercan\u00eda y el compromiso con la gente. Hemos destruido la narrativa del Morena invencible, pesan m\u00e1s los ciudadanos. Vamos a construir un proyecto donde las y los ciudadanos est\u00e9n al centro de las decisiones\u201d, se\u00f1al\u00f3 el dirigente Luis Carbonell de la Hoz.<\/p>\n<p>Asimismo, Agust\u00edn Torres Delgado, Secretario Nacional de Movimiento Ciudadano, subray\u00f3 la importancia de consolidar una agenda com\u00fan para resolver las problem\u00e1ticas locales.<\/p>\n<p>En su mensaje Dante Alfonso Delgado, Presidente del Consejo Ciudadano Estatal, se\u00f1al\u00f3 a las y los alcaldes electos que hoy tienen el gran compromiso de hacer buenos gobiernos y luchar por un mejor futuro para la ciudadan\u00eda.<\/p>\n<p>Por su parte, el diputado federal Sergio Gil habl\u00f3 sobre la unidad y fortaleza del Movimiento.<\/p>\n<p>Este encuentro reafirma que, con liderazgo, compromiso y trabajo en equipo, Movimiento Ciudadano se prepara para tener los mejores gobiernos, trabajando con honestidad, cercan\u00eda y responsabilidad ciudadana.<\/p>\n<p>En el evento estuvieron presentes: Luis Carbonell de la Hoz, Coordinador Estatal; Agust\u00edn Torres Delgado, Secretario Nacional de Movimiento Ciudadano; Sergio Gil Rull\u00e1n, Diputado Federal; Elena C\u00f3rdova Molina, Diputada Local; Dante Alfonso Delgado Morales, Presidente del Consejo Ciudadano Estatal, as\u00ed como las alcaldesas y los alcaldes electos de Movimiento Ciudadano.<\/p>\n<p><img loading=\"lazy\" decoding=\"async\" class=\"aligncenter size-medium wp-image-68958\" src=\"https:\/\/encuentroinformativo.com.mx\/wp-content\/uploads\/2025\/06\/IMG-20250630-WA0349-300x200.jpg\" alt=\"\" width=\"300\" height=\"200\" srcset=\"https:\/\/encuentroinformativo.com.mx\/wp-content\/uploads\/2025\/06\/IMG-20250630-WA0349-300x200.jpg 300w, https:\/\/encuentroinformativo.com.mx\/wp-content\/uploads\/2025\/06\/IMG-20250630-WA0349-1024x683.jpg 1024w, https:\/\/encuentroinformativo.com.mx\/wp-content\/uploads\/2025\/06\/IMG-20250630-WA0349-768x512.jpg 768w, https:\/\/encuentroinformativo.com.mx\/wp-content\/uploads\/2025\/06\/IMG-20250630-WA0349-1536x1024.jpg 1536w, https:\/\/encuentroinformativo.com.mx\/wp-content\/uploads\/2025\/06\/IMG-20250630-WA0349-2048x1365.jpg 2048w\" sizes=\"auto, (max-width: 300px) 100vw, 300px\" \/><\/p>\n","protected":false},"excerpt":{"rendered":"<p>* El dirigente Luis Carbonell de la Hoz pidi\u00f3 trabajar de cerca con la ciudadan\u00eda para hacer buenos gobiernos. Xalapa, Ver.- Movimiento Ciudadano tiene el compromiso de hacer buenos gobiernos y convertir a Veracruz en un referente nacional. Por ello, este fin de semana se llev\u00f3 a cabo un Encuentro con Alcaldesas y Alcaldes Electos [&hellip;]<\/p>\n","protected":false},"author":2476,"featured_media":68957,"comment_status":"open","ping_status":"open","sticky":false,"template":"","format":"standard","meta":{"_jetpack_memberships_contains_paid_content":false,"footnotes":""},"categories":[2],"tags":[],"class_list":["post-68956","post","type-post","status-publish","format-standard","has-post-thumbnail","hentry","category-estado"],"jetpack_featured_media_url":"https:\/\/encuentroinformativo.com.mx\/wp-content\/uploads\/2025\/06\/IMG-20250630-WA0343-scaled.jpg","jetpack_sharing_enabled":true,"jetpack_likes_enabled":true,"amp_enabled":true,"_links":{"self":[{"href":"https:\/\/encuentroinformativo.com.mx\/index.php?rest_route=\/wp\/v2\/posts\/68956","targetHints":{"allow":["GET"]}}],"collection":[{"href":"https:\/\/encuentroinformativo.com.mx\/index.php?rest_route=\/wp\/v2\/posts"}],"about":[{"href":"https:\/\/encuentroinformativo.com.mx\/index.php?rest_route=\/wp\/v2\/types\/post"}],"author":[{"embeddable":true,"href":"https:\/\/encuentroinformativo.com.mx\/index.php?rest_route=\/wp\/v2\/users\/2476"}],"replies":[{"embeddable":true,"href":"https:\/\/encuentroinformativo.com.mx\/index.php?rest_route=%2Fwp%2Fv2%2Fcomments&post=68956"}],"version-history":[{"count":1,"href":"https:\/\/encuentroinformativo.com.mx\/index.php?rest_route=\/wp\/v2\/posts\/68956\/revisions"}],"predecessor-version":[{"id":68959,"href":"https:\/\/encuentroinformativo.com.mx\/index.php?rest_route=\/wp\/v2\/posts\/68956\/revisions\/68959"}],"wp:featuredmedia":[{"embeddable":true,"href":"https:\/\/encuentroinformativo.com.mx\/index.php?rest_route=\/wp\/v2\/media\/68957"}],"wp:attachment":[{"href":"https:\/\/encuentroinformativo.com.mx\/index.php?rest_route=%2Fwp%2Fv2%2Fmedia&parent=68956"}],"wp:term":[{"taxonomy":"category","embeddable":true,"href":"https:\/\/encuentroinformativo.com.mx\/index.php?rest_route=%2Fwp%2Fv2%2Fcategories&post=68956"},{"taxonomy":"post_tag","embeddable":true,"href":"https:\/\/encuentroinformativo.com.mx\/index.php?rest_route=%2Fwp%2Fv2%2Ftags&post=68956"}],"curies":[{"name":"wp","href":"https:\/\/api.w.org\/{rel}","templated":true}]}}