{"id":6896,"date":"2020-10-14T12:16:05","date_gmt":"2020-10-14T17:16:05","guid":{"rendered":"https:\/\/encuentroinformativo.com.mx\/?p=6896"},"modified":"2020-10-14T12:16:08","modified_gmt":"2020-10-14T17:16:08","slug":"por-lluvias-se-inunda-alvarado","status":"publish","type":"post","link":"https:\/\/encuentroinformativo.com.mx\/?p=6896","title":{"rendered":"Por lluvias se inunda Alvarado"},"content":{"rendered":"\n<p><strong>Alejandro \u00c1vila<\/strong><\/p>\n\n\n\n<p>Alvarado, Ver.- Las calles de las colonias ubicada en la cabecera municipal y el bulevar &#8220;Gabriel Carballo&#8221; amanecieron inundados debido a la fuerte lluvia que azot\u00f3 la ciudad la madrugada de este miercoles.<\/p>\n\n\n\n<p>Todav\u00eda a primera hora de este miercoles, en un video difundido en redes sociales se muestran las calles de la ciudad inundadas, veh\u00edculos atrapados por que el agua subi\u00f3 mucho su nivel y personas impedidas para realizar sus actividades diarias debido a esta situaci\u00f3n.<\/p>\n\n\n\n<p>La queja de la ciudadan\u00eda es que, desde hace a\u00f1os se redujeron los tragatormentas en las colonias de la cabecera municipal, as\u00ed como el ducto que desemboca el agua pluvial al r\u00edo, por lo que han sufrido desde esas fechas constantes inundaciones en las partes bajas de la ciudad.<\/p>\n\n\n\n<p>La dificultad para hacer las mejoras necesarias, radica en que Gobierno Federal desapareci\u00f3 el ramo 23, recurso con el cual se podr\u00eda costear las obras para darle soluci\u00f3n a este problema.&nbsp;<\/p>\n\n\n\n<p>El gobierno municipal, ha se\u00f1alado que se encuentra buscando otras alternativas para mejorar la red hidr\u00e1ulica de la ciudad, incluso, podr\u00eda hacer un acuerdo con la iniciativa privada para darle soluci\u00f3n al tema.<\/p>\n\n\n\n<figure class=\"wp-block-image size-large\"><img loading=\"lazy\" decoding=\"async\" width=\"1024\" height=\"664\" src=\"https:\/\/encuentroinformativo.com.mx\/wp-content\/uploads\/2020\/10\/776659B9-F15F-44B1-B9F0-E7E80DC00995-1024x664.jpeg\" alt=\"\" class=\"wp-image-6898\" srcset=\"https:\/\/encuentroinformativo.com.mx\/wp-content\/uploads\/2020\/10\/776659B9-F15F-44B1-B9F0-E7E80DC00995-1024x664.jpeg 1024w, https:\/\/encuentroinformativo.com.mx\/wp-content\/uploads\/2020\/10\/776659B9-F15F-44B1-B9F0-E7E80DC00995-300x195.jpeg 300w, https:\/\/encuentroinformativo.com.mx\/wp-content\/uploads\/2020\/10\/776659B9-F15F-44B1-B9F0-E7E80DC00995-768x498.jpeg 768w, https:\/\/encuentroinformativo.com.mx\/wp-content\/uploads\/2020\/10\/776659B9-F15F-44B1-B9F0-E7E80DC00995.jpeg 1200w\" sizes=\"auto, (max-width: 1024px) 100vw, 1024px\" \/><\/figure>\n","protected":false},"excerpt":{"rendered":"<p>Alejandro \u00c1vila Alvarado, Ver.- Las calles de las colonias ubicada en la cabecera municipal y el bulevar &#8220;Gabriel Carballo&#8221; amanecieron inundados debido a la fuerte lluvia que azot\u00f3 la ciudad la madrugada de este miercoles. Todav\u00eda a primera hora de este miercoles, en un video difundido en redes sociales se muestran las calles de la [&hellip;]<\/p>\n","protected":false},"author":1,"featured_media":6897,"comment_status":"open","ping_status":"open","sticky":false,"template":"","format":"standard","meta":{"_jetpack_memberships_contains_paid_content":false,"footnotes":""},"categories":[2],"tags":[],"class_list":["post-6896","post","type-post","status-publish","format-standard","has-post-thumbnail","hentry","category-estado"],"jetpack_featured_media_url":"https:\/\/encuentroinformativo.com.mx\/wp-content\/uploads\/2020\/10\/E4CC1246-1C9B-4799-A72E-C091D2B667D2.jpeg","jetpack_sharing_enabled":true,"jetpack_likes_enabled":true,"amp_enabled":true,"_links":{"self":[{"href":"https:\/\/encuentroinformativo.com.mx\/index.php?rest_route=\/wp\/v2\/posts\/6896","targetHints":{"allow":["GET"]}}],"collection":[{"href":"https:\/\/encuentroinformativo.com.mx\/index.php?rest_route=\/wp\/v2\/posts"}],"about":[{"href":"https:\/\/encuentroinformativo.com.mx\/index.php?rest_route=\/wp\/v2\/types\/post"}],"author":[{"embeddable":true,"href":"https:\/\/encuentroinformativo.com.mx\/index.php?rest_route=\/wp\/v2\/users\/1"}],"replies":[{"embeddable":true,"href":"https:\/\/encuentroinformativo.com.mx\/index.php?rest_route=%2Fwp%2Fv2%2Fcomments&post=6896"}],"version-history":[{"count":1,"href":"https:\/\/encuentroinformativo.com.mx\/index.php?rest_route=\/wp\/v2\/posts\/6896\/revisions"}],"predecessor-version":[{"id":6899,"href":"https:\/\/encuentroinformativo.com.mx\/index.php?rest_route=\/wp\/v2\/posts\/6896\/revisions\/6899"}],"wp:featuredmedia":[{"embeddable":true,"href":"https:\/\/encuentroinformativo.com.mx\/index.php?rest_route=\/wp\/v2\/media\/6897"}],"wp:attachment":[{"href":"https:\/\/encuentroinformativo.com.mx\/index.php?rest_route=%2Fwp%2Fv2%2Fmedia&parent=6896"}],"wp:term":[{"taxonomy":"category","embeddable":true,"href":"https:\/\/encuentroinformativo.com.mx\/index.php?rest_route=%2Fwp%2Fv2%2Fcategories&post=6896"},{"taxonomy":"post_tag","embeddable":true,"href":"https:\/\/encuentroinformativo.com.mx\/index.php?rest_route=%2Fwp%2Fv2%2Ftags&post=6896"}],"curies":[{"name":"wp","href":"https:\/\/api.w.org\/{rel}","templated":true}]}}