{"id":68973,"date":"2025-07-01T12:42:40","date_gmt":"2025-07-01T18:42:40","guid":{"rendered":"https:\/\/encuentroinformativo.com.mx\/?p=68973"},"modified":"2025-07-01T12:42:40","modified_gmt":"2025-07-01T18:42:40","slug":"acusan-detencion-arbitraria-de-una-familia-en-amatlan-de-los-reyes","status":"publish","type":"post","link":"https:\/\/encuentroinformativo.com.mx\/?p=68973","title":{"rendered":"Acusan detenci\u00f3n arbitraria de una familia en Amatl\u00e1n de los Reyes"},"content":{"rendered":"<p><strong>Dar\u00edo Pale<\/strong><\/p>\n<p>Xalapa, Ver.- La se\u00f1ora Wendy Rosas Rafael denunci\u00f3 la detenci\u00f3n ilegal de cuatro integrantes de su familia, entre ellos un menor de edad en las inmediaciones del penal de La Toma en el municipio de Amatl\u00e1n de Los Reyes.<\/p>\n<p>Dio a conocer que el d\u00eda jueves 19 de junio del a\u00f1o en curso, su hija, Samantha Guadalupe Francisco Rosas, acompa\u00f1ada de su nieto de cinco a\u00f1os de edad, asistieron al penal de La Toma en Amatl\u00e1n, acompa\u00f1ados por sus suegros.<\/p>\n<p>Dio a conocer que \u201cellos iban a una audiencia que iba a ser celebrada ese d\u00eda a la una de la tarde, pero dicha audiencia fue postergada, ellos entraron mi hija y mi nieto, para visitar al pap\u00e1 del ni\u00f1o, y salieron a las tres de la tarde, eso me lo inform\u00f3 ella antes de entrar, posteriormente ya no tuve contacto con ella, ni con sus suegros, perdimos totalmente contacto con ellos\u201d.<\/p>\n<p>\u201cEso fue desde el jueves, viernes, pues pr\u00e1cticamente no supimos de ellos, la verdad, los anduvimos buscando en hospitales para ver si no hab\u00edan tenido alg\u00fan accidente o algo, desafortunadamente no los encontramos, ya no nos refirieron de ellos hasta el d\u00eda viernes en la tarde, porque un familiar de mi consuegra hizo una denuncia por desaparici\u00f3n les confirmaron, les avisaron que estaban detenidos, no nos refer\u00edan bien el lugar\u201d, se\u00f1al\u00f3.<\/p>\n<p>Se\u00f1al\u00f3 que los anduvieron buscando en diferentes lugares ya que les hab\u00edan dicho que fueron detenidos, ya despu\u00e9s les avisaron que su hija estaba detenida en Xalapa en los separos y al llegar a la capital del estado corroboro que efectivamente estaba en los separos.<\/p>\n<p>\u201cPregunt\u00e9 por el ni\u00f1o, me dijeron que no sab\u00edan d\u00f3nde estaba, ya por la tarde quisimos hablar con ellos, pues para avisarles que ten\u00edan un abogado, no les permitieron, a ni uno de los tres les permitieron hablar con sus abogados, no nos hicieron en ning\u00fan momento ni una llamada, y yo eso se lo refer\u00ed a la persona que estaba ac\u00e1, o tuvieron derecha de llamada ni nada, estamos hablando de casi 48 horas, y no les permitieron ni una llamada\u201d, coment\u00f3.<\/p>\n<p>\u201cAl ni\u00f1o se lo llevaron y ni siquiera se tomaron la molestia de avisarnos, o sea, es un menor de 5 a\u00f1os de edad, se lo llevaron detenido tambi\u00e9n junto con ellos, el beb\u00e9, la verdad, el ni\u00f1o est\u00e1 muy afectado psicol\u00f3gicamente, el ni\u00f1o ahorita ya est\u00e1 en mi poder, me lo entregaron el d\u00eda lunes despu\u00e9s de muchas vueltas, mi hija (le dijo) que los primeros d\u00edas estuvo con ellas, pr\u00e1cticamente detenido, el ni\u00f1o refiere que lo vendaron de sus ojitos, la verdad fue algo espantoso, demasiado traum\u00e1tico para mi nieto\u201d, agreg\u00f3.<\/p>\n<p>Acus\u00f3 que lo trasladaron con los ojos vendados desde Amatl\u00e1n hasta las oficinas de Xalapa y el menor estaba muy asustado, cuenta lo sucedido, que unas camionetas se les atravesaron, que unos se\u00f1ores malos, disfrazados de delincuentes, encapuchados, bajaron a su abuelito, bajaron a su abuelita y a su mam\u00e1, que les hablaron con muchas groser\u00edas, que les pegaron, que los tiraron al suelo.<\/p>\n<p>\u201cA mi ni\u00f1o le vendaron los ojitos y \u00e9l lloraba, lloraba porque no pod\u00eda respirar, me taparon los ojitos y tambi\u00e9n la parte de la carita, \u00e9l les refiere que les estuvo pidiendo que por favor le quitaran eso, que \u00e9l no pod\u00eda respirar, una mujer polic\u00eda, dice que le ayud\u00f3 y le levant\u00f3 el trapito y ya \u00e9l pudo respirar, los amenazaron con el ni\u00f1o, le dec\u00edan que iban a matar a su mam\u00e1, si \u00e9l no se callaba porque \u00e9l lloraba, a mi hija la golpearon, la torturaron, y le dijeron tambi\u00e9n lo mismo, que si no colaboraba, iban a matar al ni\u00f1o\u201d, acus\u00f3.<\/p>\n<p>Ya fueron a la Comisi\u00f3n Estatal de Derechos Humanos (CEDH), donde interpuso una denuncia ya que se le hace muy injusto que personas que est\u00e1n trabajando para el gobierno, que se supone que deber\u00edan de cuidarlos, traten de esa manera a un ni\u00f1o de cinco a\u00f1os.<\/p>\n<p>Por otra parte su abogado Juan Jos\u00e9 Au\u00f1on Segura acus\u00f3 que \u201cno le pod\u00edan recibir esa denuncia despu\u00e9s de haberla le\u00eddo, obviamente, al ver la relator\u00eda de esa denuncia, pues la persona que se encuentra al frente, pues yo creo que da aviso y se negaban a recibirla\u201d.<\/p>\n<p>No obstante a ello, la se\u00f1ora solicit\u00f3 y exigi\u00f3, pues que es un derecho de que las instituciones reciban, la Fiscal\u00eda es indivisible y que, obviamente, la Fiscal\u00eda tiene la obligaci\u00f3n de turnar la denuncia a quien corresponda de su \u00e1rea, ahora al \u00e1rea correspondiente.<\/p>\n<p>Finalmente dio a conocer que, a final de cuentas recibieron la denuncia pero a\u00fan no tienen n\u00famero de carpeta, pero ya cuentan con el sello de recibido del acuse, as\u00ed como tambi\u00e9n la queja de derechos humanos, \u201cnosotros lo que queremos es que, independientemente de las denuncias que existen, obviamente que llegue esto a o\u00eddos de la se\u00f1ora Gobernadora, de Derechos Humanos.<\/p>\n","protected":false},"excerpt":{"rendered":"<p>Dar\u00edo Pale Xalapa, Ver.- La se\u00f1ora Wendy Rosas Rafael denunci\u00f3 la detenci\u00f3n ilegal de cuatro integrantes de su familia, entre ellos un menor de edad en las inmediaciones del penal de La Toma en el municipio de Amatl\u00e1n de Los Reyes. Dio a conocer que el d\u00eda jueves 19 de junio del a\u00f1o en curso, [&hellip;]<\/p>\n","protected":false},"author":2476,"featured_media":68974,"comment_status":"open","ping_status":"open","sticky":false,"template":"","format":"standard","meta":{"_jetpack_memberships_contains_paid_content":false,"footnotes":""},"categories":[2],"tags":[],"class_list":["post-68973","post","type-post","status-publish","format-standard","has-post-thumbnail","hentry","category-estado"],"jetpack_featured_media_url":"https:\/\/encuentroinformativo.com.mx\/wp-content\/uploads\/2025\/07\/IMG-20250701-WA0110.jpg","jetpack_sharing_enabled":true,"jetpack_likes_enabled":true,"amp_enabled":true,"_links":{"self":[{"href":"https:\/\/encuentroinformativo.com.mx\/index.php?rest_route=\/wp\/v2\/posts\/68973","targetHints":{"allow":["GET"]}}],"collection":[{"href":"https:\/\/encuentroinformativo.com.mx\/index.php?rest_route=\/wp\/v2\/posts"}],"about":[{"href":"https:\/\/encuentroinformativo.com.mx\/index.php?rest_route=\/wp\/v2\/types\/post"}],"author":[{"embeddable":true,"href":"https:\/\/encuentroinformativo.com.mx\/index.php?rest_route=\/wp\/v2\/users\/2476"}],"replies":[{"embeddable":true,"href":"https:\/\/encuentroinformativo.com.mx\/index.php?rest_route=%2Fwp%2Fv2%2Fcomments&post=68973"}],"version-history":[{"count":1,"href":"https:\/\/encuentroinformativo.com.mx\/index.php?rest_route=\/wp\/v2\/posts\/68973\/revisions"}],"predecessor-version":[{"id":68975,"href":"https:\/\/encuentroinformativo.com.mx\/index.php?rest_route=\/wp\/v2\/posts\/68973\/revisions\/68975"}],"wp:featuredmedia":[{"embeddable":true,"href":"https:\/\/encuentroinformativo.com.mx\/index.php?rest_route=\/wp\/v2\/media\/68974"}],"wp:attachment":[{"href":"https:\/\/encuentroinformativo.com.mx\/index.php?rest_route=%2Fwp%2Fv2%2Fmedia&parent=68973"}],"wp:term":[{"taxonomy":"category","embeddable":true,"href":"https:\/\/encuentroinformativo.com.mx\/index.php?rest_route=%2Fwp%2Fv2%2Fcategories&post=68973"},{"taxonomy":"post_tag","embeddable":true,"href":"https:\/\/encuentroinformativo.com.mx\/index.php?rest_route=%2Fwp%2Fv2%2Ftags&post=68973"}],"curies":[{"name":"wp","href":"https:\/\/api.w.org\/{rel}","templated":true}]}}