{"id":68976,"date":"2025-07-01T13:31:05","date_gmt":"2025-07-01T19:31:05","guid":{"rendered":"https:\/\/encuentroinformativo.com.mx\/?p=68976"},"modified":"2025-07-01T13:31:05","modified_gmt":"2025-07-01T19:31:05","slug":"la-boquena-belen-montalvo-es-la-voz-principal-con-los-angeles-azules","status":"publish","type":"post","link":"https:\/\/encuentroinformativo.com.mx\/?p=68976","title":{"rendered":"La boque\u00f1a Bel\u00e9n Montalvo es la voz principal con Los \u00c1ngeles Azules"},"content":{"rendered":"<p><strong>Alejandro \u00c1vila<\/strong><\/p>\n<p>Boca del R\u00edo, Ver.- El concierto masivo de este pasado domingo del Carnaval de Veracruz fue un \u00e9xito rotundo gracias a la presentaci\u00f3n de la ic\u00f3nica agrupaci\u00f3n musical Los \u00c1ngeles Azules.<\/p>\n<p>La banda, conocida por sus \u00e9xitos como &#8220;El List\u00f3n de Tu Pelo&#8221;, \u201c17 A\u00f1os\u201d, &#8220;\u00bfC\u00f3mo te voy a olvidar?&#8221; entre otras, puso a bailar a miles de personas en el World Trade Center (WTC) de Veracruz.<\/p>\n<p>Sin duda el momento m\u00e1s emocionante fue cuando los integrantes de Los \u00c1ngeles Azules reconocieron y destacaron el talento de su vocalista Mar\u00eda Bel\u00e9n Montalvo, originaria de Boca del R\u00edo, Veracruz.<\/p>\n<p>Miles de asistentes con mucho orgullo aplaudieron cuando la agrupaci\u00f3n expres\u00f3 esto que tal vez muchos en el p\u00fablico no sab\u00edan, ya que Bel\u00e9n es originaria de Boca del R\u00edo.<\/p>\n<p>Mar\u00eda Bel\u00e9n Montalvo es una cantante veracruzana que ha trabajado y estudiado incansablemente para cumplir sus sue\u00f1os. Hija de Lorenzo \u201cLencho\u201d Montalvo e Irma Meza Pe\u00f1a y hermana de Claudia y Lorenzo, quienes desde primera file observaron con la emoci\u00f3n a flor de piel el talento de Bel\u00e9n.<\/p>\n<p>Durante muchos a\u00f1os trabajo en diferentes escenarios de la zona conurbada Veracruz- Boca del R\u00edo, eventos privados, festivales y lanzo producciones como solista de forma independiente.<\/p>\n<p>Hoy su esfuerzo ha rendido frutos y todos los veracruzanos que estuvieron presentes en este gran concierto y los que lo disfrutaron a trav\u00e9s de los medios de comunicaci\u00f3n y redes sociales se unen a esta gran celebraci\u00f3n.<\/p>\n","protected":false},"excerpt":{"rendered":"<p>Alejandro \u00c1vila Boca del R\u00edo, Ver.- El concierto masivo de este pasado domingo del Carnaval de Veracruz fue un \u00e9xito rotundo gracias a la presentaci\u00f3n de la ic\u00f3nica agrupaci\u00f3n musical Los \u00c1ngeles Azules. La banda, conocida por sus \u00e9xitos como &#8220;El List\u00f3n de Tu Pelo&#8221;, \u201c17 A\u00f1os\u201d, &#8220;\u00bfC\u00f3mo te voy a olvidar?&#8221; entre otras, puso [&hellip;]<\/p>\n","protected":false},"author":2476,"featured_media":68977,"comment_status":"open","ping_status":"open","sticky":false,"template":"","format":"standard","meta":{"_jetpack_memberships_contains_paid_content":false,"footnotes":""},"categories":[2],"tags":[],"class_list":["post-68976","post","type-post","status-publish","format-standard","has-post-thumbnail","hentry","category-estado"],"jetpack_featured_media_url":"https:\/\/encuentroinformativo.com.mx\/wp-content\/uploads\/2025\/07\/IMG-20250701-WA01632.jpg","jetpack_sharing_enabled":true,"jetpack_likes_enabled":true,"amp_enabled":true,"_links":{"self":[{"href":"https:\/\/encuentroinformativo.com.mx\/index.php?rest_route=\/wp\/v2\/posts\/68976","targetHints":{"allow":["GET"]}}],"collection":[{"href":"https:\/\/encuentroinformativo.com.mx\/index.php?rest_route=\/wp\/v2\/posts"}],"about":[{"href":"https:\/\/encuentroinformativo.com.mx\/index.php?rest_route=\/wp\/v2\/types\/post"}],"author":[{"embeddable":true,"href":"https:\/\/encuentroinformativo.com.mx\/index.php?rest_route=\/wp\/v2\/users\/2476"}],"replies":[{"embeddable":true,"href":"https:\/\/encuentroinformativo.com.mx\/index.php?rest_route=%2Fwp%2Fv2%2Fcomments&post=68976"}],"version-history":[{"count":1,"href":"https:\/\/encuentroinformativo.com.mx\/index.php?rest_route=\/wp\/v2\/posts\/68976\/revisions"}],"predecessor-version":[{"id":68978,"href":"https:\/\/encuentroinformativo.com.mx\/index.php?rest_route=\/wp\/v2\/posts\/68976\/revisions\/68978"}],"wp:featuredmedia":[{"embeddable":true,"href":"https:\/\/encuentroinformativo.com.mx\/index.php?rest_route=\/wp\/v2\/media\/68977"}],"wp:attachment":[{"href":"https:\/\/encuentroinformativo.com.mx\/index.php?rest_route=%2Fwp%2Fv2%2Fmedia&parent=68976"}],"wp:term":[{"taxonomy":"category","embeddable":true,"href":"https:\/\/encuentroinformativo.com.mx\/index.php?rest_route=%2Fwp%2Fv2%2Fcategories&post=68976"},{"taxonomy":"post_tag","embeddable":true,"href":"https:\/\/encuentroinformativo.com.mx\/index.php?rest_route=%2Fwp%2Fv2%2Ftags&post=68976"}],"curies":[{"name":"wp","href":"https:\/\/api.w.org\/{rel}","templated":true}]}}