{"id":68990,"date":"2025-07-01T17:00:24","date_gmt":"2025-07-01T23:00:24","guid":{"rendered":"https:\/\/encuentroinformativo.com.mx\/?p=68990"},"modified":"2025-07-01T17:00:24","modified_gmt":"2025-07-01T23:00:24","slug":"rosa-hernandez-garcia-es-nueva-delegada-en-profepa-veracruz","status":"publish","type":"post","link":"https:\/\/encuentroinformativo.com.mx\/?p=68990","title":{"rendered":"Rosa Hern\u00e1ndez Garc\u00eda es nueva delegada en Profepa Veracruz"},"content":{"rendered":"<p><strong>Alejandro \u00c1vila<\/strong><\/p>\n<p>Veracruz, Ver.- Rosa Luz Hern\u00e1ndez Garc\u00eda ha sido designada como nueva encargada de la Procuradur\u00eda Federal de Protecci\u00f3n al Ambiente (PROFEPA) delegaci\u00f3n Veracruz.<\/p>\n<p>Luego de diversos se\u00f1alamientos de rezago en atenci\u00f3n a las denuncias, injusticias laborales y falta de transparencia en el manejo de recursos, fue removido Gabriel Garc\u00eda Parra, por lo que se espera que haya cambios y reordenamiento interno.<\/p>\n<p>Hern\u00e1ndez Garc\u00eda fue nombrada por la Procuradora Federal, Mariana Boy Tamborell, con el objetivo de implementar y fortalecer las pol\u00edticas ambientales del Gobierno de M\u00e9xico, toda vez que Veracruz es una de las delegaciones m\u00e1s importantes y con m\u00e1s carga de trabajo a nivel nacional.<\/p>\n<p>La nueva encargada de despacho es abogada y tiene una maestr\u00eda en Derechos Humanos y Justicia Constitucional por la Universidad Veracruzana; tiene experiencia en materia ambiental al desempe\u00f1arse como Jefa de Departamento de Supervisi\u00f3n y Protecci\u00f3n Ambiental del Ayuntamiento de Xalapa.<\/p>\n<p>De acuerdo a reportes de usuarios afectados, se espera que la PROFEPA retome su misi\u00f3n de proteger las condiciones ambientales, ya que durante la gesti\u00f3n de Garc\u00eda Parra prevaleci\u00f3 la opacidad y la falta de resultados en la materia.<\/p>\n<p>Dentro de los posibles cambios se prev\u00e9n renovaciones en las coordinaciones de \u00e1rea, as\u00ed como una mejor comunicaci\u00f3n al interior de la instituci\u00f3n, as\u00ed como de el fortalecimiento de relaciones con las instancias estatales y municipales.<\/p>\n","protected":false},"excerpt":{"rendered":"<p>Alejandro \u00c1vila Veracruz, Ver.- Rosa Luz Hern\u00e1ndez Garc\u00eda ha sido designada como nueva encargada de la Procuradur\u00eda Federal de Protecci\u00f3n al Ambiente (PROFEPA) delegaci\u00f3n Veracruz. Luego de diversos se\u00f1alamientos de rezago en atenci\u00f3n a las denuncias, injusticias laborales y falta de transparencia en el manejo de recursos, fue removido Gabriel Garc\u00eda Parra, por lo que [&hellip;]<\/p>\n","protected":false},"author":2476,"featured_media":68991,"comment_status":"open","ping_status":"open","sticky":false,"template":"","format":"standard","meta":{"_jetpack_memberships_contains_paid_content":false,"footnotes":""},"categories":[2],"tags":[],"class_list":["post-68990","post","type-post","status-publish","format-standard","has-post-thumbnail","hentry","category-estado"],"jetpack_featured_media_url":"https:\/\/encuentroinformativo.com.mx\/wp-content\/uploads\/2025\/07\/IMG-20250701-WA0236.jpg","jetpack_sharing_enabled":true,"jetpack_likes_enabled":true,"amp_enabled":true,"_links":{"self":[{"href":"https:\/\/encuentroinformativo.com.mx\/index.php?rest_route=\/wp\/v2\/posts\/68990","targetHints":{"allow":["GET"]}}],"collection":[{"href":"https:\/\/encuentroinformativo.com.mx\/index.php?rest_route=\/wp\/v2\/posts"}],"about":[{"href":"https:\/\/encuentroinformativo.com.mx\/index.php?rest_route=\/wp\/v2\/types\/post"}],"author":[{"embeddable":true,"href":"https:\/\/encuentroinformativo.com.mx\/index.php?rest_route=\/wp\/v2\/users\/2476"}],"replies":[{"embeddable":true,"href":"https:\/\/encuentroinformativo.com.mx\/index.php?rest_route=%2Fwp%2Fv2%2Fcomments&post=68990"}],"version-history":[{"count":1,"href":"https:\/\/encuentroinformativo.com.mx\/index.php?rest_route=\/wp\/v2\/posts\/68990\/revisions"}],"predecessor-version":[{"id":68992,"href":"https:\/\/encuentroinformativo.com.mx\/index.php?rest_route=\/wp\/v2\/posts\/68990\/revisions\/68992"}],"wp:featuredmedia":[{"embeddable":true,"href":"https:\/\/encuentroinformativo.com.mx\/index.php?rest_route=\/wp\/v2\/media\/68991"}],"wp:attachment":[{"href":"https:\/\/encuentroinformativo.com.mx\/index.php?rest_route=%2Fwp%2Fv2%2Fmedia&parent=68990"}],"wp:term":[{"taxonomy":"category","embeddable":true,"href":"https:\/\/encuentroinformativo.com.mx\/index.php?rest_route=%2Fwp%2Fv2%2Fcategories&post=68990"},{"taxonomy":"post_tag","embeddable":true,"href":"https:\/\/encuentroinformativo.com.mx\/index.php?rest_route=%2Fwp%2Fv2%2Ftags&post=68990"}],"curies":[{"name":"wp","href":"https:\/\/api.w.org\/{rel}","templated":true}]}}