{"id":69,"date":"2020-02-25T13:19:39","date_gmt":"2020-02-25T19:19:39","guid":{"rendered":"https:\/\/encuentroinformativodotcomdotmx.wordpress.com\/?p=69"},"modified":"2020-03-04T08:38:24","modified_gmt":"2020-03-04T08:38:24","slug":"opinion-el-tigre-suelto-en-veracruz","status":"publish","type":"post","link":"https:\/\/encuentroinformativo.com.mx\/?p=69","title":{"rendered":"El Tigre suelto en Veracruz"},"content":{"rendered":"<p><strong>Los Pol\u00edticos<\/strong><\/p>\n<p><strong>Salvador Mu\u00f1oz<\/strong><\/p>\n<p>Parece quinto, pero no lo es\u2026 y s\u00ed, nos referimos a Cuitl\u00e1huac, o en t\u00e9rminos m\u00e1s amplios, a su administraci\u00f3n. La percepci\u00f3n que se tiene a ojo de buen cubero, es que Garc\u00eda Jim\u00e9nez pareciera estar en su quinto a\u00f1o de Gobierno y apenas va para quince meses.<\/p>\n<p>La situaci\u00f3n cr\u00edtica que se vive en la entidad por el tema de la inseguridad, repercute total en la figura de Cuitl\u00e1huac en un sentido desproporcionado, quiz\u00e1s por la chabacaner\u00eda con la que responde a su crisis: entre chistes, burlas, altaner\u00eda; lo que lejos de generar certidumbre en el ciudadano, genera enojo, desconfianza y miedo.<\/p>\n<p>Quiz\u00e1s por ello, desde hace varios meses y con el inicio del 2020, empez\u00f3 a sonar el r\u00edo de que este pr\u00f3ximo diciembre, justo cuando se cumple la meta que \u00e9l se propuso para acabar con la inseguridad, su talento ser\u00e1 convocado en el Altiplano para que refuerce alg\u00fan \u00e1rea del Gobierno federal, como puede ser la secretar\u00eda de Energ\u00eda, con eso de que es Maestro quiz\u00e1s le explique a Nahle que no se escribe \u201cFransisco\u201d o que Jos\u00e9 Mar\u00eda Pino Su\u00e1rez no fue \u201cGeneral\u201d&#8230;<\/p>\n<p>Muchos suponen de inmediato que la mejor soluci\u00f3n para la crisis que vive Veracruz, es \u00e9sta: la salida de Garc\u00eda. Es m\u00e1s: otros suponen que con el arribo de otro pol\u00edtico, en este caso Ricardo Ahued, las cosas se compondr\u00edan\u2026 creo que cualquier veracruzano bien nacido desear\u00eda ello, que las cosas se compongan, con o sin Cuic; con o sin Ahued.<\/p>\n<p>La realidad es que quien llegara, fuera Ricardo Ahued o Luis Hern\u00e1ndez Palacios Mir\u00f3n, \u00a1vamos! hasta Gabriel Yorio Gonz\u00e1lez, se estar\u00eda sacando la Rifa del Tigre, que no del Avi\u00f3n Presidencial.<\/p>\n<p>\u00bfPor qu\u00e9 incluir a Luis Hern\u00e1ndez Palacios? Bueno, baste comentar que el nativo de Xalapa, actual Procurador Agrario de la 4T, guarda no s\u00f3lo relaci\u00f3n amistosa sino tambi\u00e9n pol\u00edtica con el Presidente\u2026 vamos, sin perder respeto a la investidura ni a la bestia dura, se habla de t\u00fa con el Peje. Hablamos de un pol\u00edtico 100%. El Procurador Agrario, egresado de la Facultad de Derecho, fue el primer titular de la Comisi\u00f3n Estatal de Derechos Humanos en Veracruz y estuvo a casi nada de ser igual, el primer rector de la Aut\u00f3noma UV al ser candidato a la Rector\u00eda en 1996 junto con V\u00edctor Arredondo&#8230;<\/p>\n<p>En el caso de Gabriel Yorio, un economista que tiene en claro lo que es la administraci\u00f3n y si bien, es ajeno a la actividad pol\u00edtica, es posible que tenga m\u00e1s colmillo que el que ocupa el palacio de Enr\u00edquez, aunque en lo personal, no deja de ser una carta interesante para m\u00e1s all\u00e1 de finales del 20\u2026 \u00bfpor qu\u00e9 no pensarlo para el 21, en una curul federal para irlo encanchando en la entidad?<\/p>\n<p>Al final, sea quien sea el bueno para la prospectiva del Diciembre del 2020, se les recuerda algo: El ganador se saca la Rifa del Tigre, y lo malo de todo esto, es que para llevarse el premio, tienen que recordar que el Tigre est\u00e1 suelto y entonces, lo primero que se tiene que hacer, es amarrarlo, porque no basta que Ahued sea honesto, que Luis Hern\u00e1ndez Palacios sea pol\u00edtico, que Gabriel Yorio sepa administrar\u2026<\/p>\n<p>Al final, creo que a todos nos queda claro algo: \u00bfQui\u00e9n querr\u00eda entrar a un estado donde hay un animal en Veracruz, que ya demostr\u00f3 que no tiene sensibilidad ni car\u00e1cter para enfrentar el Tigre? \u00bfAhued, Luis, Gabriel o qui\u00e9n estar\u00eda dispuesto a correr el&nbsp; riesgo de ser devorado por el Tigre como hoy se devora a Cuitl\u00e1huac?<\/p>\n<p><strong><a href=\"mailto:smcainito@gmail.com\">smcainito@gmail.com<\/a><\/strong><\/p>\n","protected":false},"excerpt":{"rendered":"<p>Los Pol\u00edticos Salvador Mu\u00f1oz Parece quinto, pero no lo es\u2026 y s\u00ed, nos referimos a Cuitl\u00e1huac, o en t\u00e9rminos m\u00e1s amplios, a su administraci\u00f3n. La percepci\u00f3n que se tiene a ojo de buen cubero, es que Garc\u00eda Jim\u00e9nez pareciera estar en su quinto a\u00f1o de Gobierno y apenas va para quince meses. La situaci\u00f3n cr\u00edtica [&hellip;]<\/p>\n","protected":false},"author":1,"featured_media":70,"comment_status":"open","ping_status":"open","sticky":false,"template":"","format":"standard","meta":{"_jetpack_memberships_contains_paid_content":false,"footnotes":""},"categories":[11],"tags":[],"class_list":["post-69","post","type-post","status-publish","format-standard","has-post-thumbnail","hentry","category-opinion"],"jetpack_featured_media_url":"https:\/\/encuentroinformativo.com.mx\/wp-content\/uploads\/2020\/02\/opinion-invitado.jpg","jetpack_sharing_enabled":true,"jetpack_likes_enabled":true,"amp_enabled":true,"_links":{"self":[{"href":"https:\/\/encuentroinformativo.com.mx\/index.php?rest_route=\/wp\/v2\/posts\/69","targetHints":{"allow":["GET"]}}],"collection":[{"href":"https:\/\/encuentroinformativo.com.mx\/index.php?rest_route=\/wp\/v2\/posts"}],"about":[{"href":"https:\/\/encuentroinformativo.com.mx\/index.php?rest_route=\/wp\/v2\/types\/post"}],"author":[{"embeddable":true,"href":"https:\/\/encuentroinformativo.com.mx\/index.php?rest_route=\/wp\/v2\/users\/1"}],"replies":[{"embeddable":true,"href":"https:\/\/encuentroinformativo.com.mx\/index.php?rest_route=%2Fwp%2Fv2%2Fcomments&post=69"}],"version-history":[{"count":1,"href":"https:\/\/encuentroinformativo.com.mx\/index.php?rest_route=\/wp\/v2\/posts\/69\/revisions"}],"predecessor-version":[{"id":377,"href":"https:\/\/encuentroinformativo.com.mx\/index.php?rest_route=\/wp\/v2\/posts\/69\/revisions\/377"}],"wp:featuredmedia":[{"embeddable":true,"href":"https:\/\/encuentroinformativo.com.mx\/index.php?rest_route=\/wp\/v2\/media\/70"}],"wp:attachment":[{"href":"https:\/\/encuentroinformativo.com.mx\/index.php?rest_route=%2Fwp%2Fv2%2Fmedia&parent=69"}],"wp:term":[{"taxonomy":"category","embeddable":true,"href":"https:\/\/encuentroinformativo.com.mx\/index.php?rest_route=%2Fwp%2Fv2%2Fcategories&post=69"},{"taxonomy":"post_tag","embeddable":true,"href":"https:\/\/encuentroinformativo.com.mx\/index.php?rest_route=%2Fwp%2Fv2%2Ftags&post=69"}],"curies":[{"name":"wp","href":"https:\/\/api.w.org\/{rel}","templated":true}]}}