{"id":69002,"date":"2025-07-02T12:14:23","date_gmt":"2025-07-02T18:14:23","guid":{"rendered":"https:\/\/encuentroinformativo.com.mx\/?p=69002"},"modified":"2025-07-02T12:14:23","modified_gmt":"2025-07-02T18:14:23","slug":"capacidades-de-las-mujeres-haran-un-sistema-de-justicia-inclusivo-y-sensible","status":"publish","type":"post","link":"https:\/\/encuentroinformativo.com.mx\/?p=69002","title":{"rendered":"Capacidades de las mujeres har\u00e1n un sistema de justicia inclusivo y sensible"},"content":{"rendered":"<p>Por: <strong>Mayra Ang\u00e9lica Amador P\u00e9rez<\/strong> \/ Diputada suplente de Movimiento Ciudadano<\/p>\n<p>Una vez pasada la pol\u00e9mica de la organizaci\u00f3n de las elecciones del Poder Judicial, es visible que existen oportunidades para mejorar la impartici\u00f3n de justicia en nuestro pa\u00eds debido a las cualidades de algunos perfiles de nuevo ingreso que generan esperanza de una mejor\u00eda sustantiva, entre ellos el de ciertas mujeres.<\/p>\n<p>Para la integraci\u00f3n de la nueva estructura de impartici\u00f3n de justicia que pasar\u00e1 a la historia, se consider\u00f3 la equidad de g\u00e9nero como un eje fundamental para garantizar una representaci\u00f3n justa y balanceada entre mujeres y hombres en los cargos judiciales, haciendo posible el acceso a roles de liderazgo en la materia por igual.<\/p>\n<p>Lo anterior permiti\u00f3 que se crear\u00e1n listas separadas en todos los niveles, equilibrando tanto en la cantidad de mujeres y hombres en cada tipo de cargo (horizontal), como en los niveles jer\u00e1rquicos (vertical).<\/p>\n<p>Ahora se espera que con la visi\u00f3n femenina se enriquezca el an\u00e1lisis jur\u00eddico, especialmente en temas como violencia de g\u00e9nero, derechos reproductivos y discriminaci\u00f3n, construy\u00e9ndose sentencias m\u00e1s emp\u00e1ticas y contextualizadas, mejorando as\u00ed la calidad de las resoluciones judiciales.<\/p>\n<p>Su participaci\u00f3n tambi\u00e9n ayudar\u00e1 a prevenir pr\u00e1cticas discriminatorias y a promover el uso de herramientas como el Protocolo para Juzgar con Perspectiva de G\u00e9nero, que busca reconocer desigualdades estructurales, lo que no solo enriquecer\u00e1 el sistema judicial, sino que lo transformar\u00e1 desde adentro.<\/p>\n<p>En ese sentido es inevitable destacar el importante papel que desarrollar\u00e1 la cordobesa Paulina Elizabeth Ahumada Santana, licenciada en Derecho, maestra en Derecho Fiscal y especialista en Responsabilidades Administrativas y Sistema Nacional Anticorrupci\u00f3n, quien fue electa como magistrada del Tribunal de Disciplina Judicial en Veracruz.<\/p>\n<p>Paulina Ahumada no es cualquier persona, conoce las entra\u00f1as del sistema y sabe d\u00f3nde brotan las ra\u00edces de la corrupci\u00f3n al interior. Cuenta con m\u00e1s de 17 a\u00f1os de experiencia en la impartici\u00f3n de justicia, cimiento que construy\u00f3 cuando labor\u00f3 en el Tribunal Federal de Justicia Administrativa, donde public\u00f3 28 tesis aisladas.<\/p>\n<p>Actualmente se ven\u00eda desempe\u00f1ando como abogada litigante y docente en instituciones privadas, lo que le ha permitido estar actualizada.<\/p>\n<p>Ella tiene la capacidad de generar los cambios necesarios que requieren los jueces de control para desempe\u00f1arse con autonom\u00eda y honradez, est\u00e1 acostumbrada a servir con honor y \u00e9tica por lo que seguramente se enfocar\u00e1 en cumplir uno de sus principales compromisos de campa\u00f1a, garantizar que los juzgadores act\u00faen con integridad, decoro y transparencia para restaurar la confianza de la sociedad en el Poder Judicial.<\/p>\n<p>En hora buena para todas.<\/p>\n","protected":false},"excerpt":{"rendered":"<p>Por: Mayra Ang\u00e9lica Amador P\u00e9rez \/ Diputada suplente de Movimiento Ciudadano Una vez pasada la pol\u00e9mica de la organizaci\u00f3n de las elecciones del Poder Judicial, es visible que existen oportunidades para mejorar la impartici\u00f3n de justicia en nuestro pa\u00eds debido a las cualidades de algunos perfiles de nuevo ingreso que generan esperanza de una mejor\u00eda [&hellip;]<\/p>\n","protected":false},"author":2476,"featured_media":387,"comment_status":"open","ping_status":"open","sticky":false,"template":"","format":"standard","meta":{"_jetpack_memberships_contains_paid_content":false,"footnotes":""},"categories":[11],"tags":[],"class_list":["post-69002","post","type-post","status-publish","format-standard","has-post-thumbnail","hentry","category-opinion"],"jetpack_featured_media_url":"https:\/\/encuentroinformativo.com.mx\/wp-content\/uploads\/2020\/03\/7CF8A22B-2764-47BE-8F7F-38FE9E5D6A2F.jpeg","jetpack_sharing_enabled":true,"jetpack_likes_enabled":true,"amp_enabled":true,"_links":{"self":[{"href":"https:\/\/encuentroinformativo.com.mx\/index.php?rest_route=\/wp\/v2\/posts\/69002","targetHints":{"allow":["GET"]}}],"collection":[{"href":"https:\/\/encuentroinformativo.com.mx\/index.php?rest_route=\/wp\/v2\/posts"}],"about":[{"href":"https:\/\/encuentroinformativo.com.mx\/index.php?rest_route=\/wp\/v2\/types\/post"}],"author":[{"embeddable":true,"href":"https:\/\/encuentroinformativo.com.mx\/index.php?rest_route=\/wp\/v2\/users\/2476"}],"replies":[{"embeddable":true,"href":"https:\/\/encuentroinformativo.com.mx\/index.php?rest_route=%2Fwp%2Fv2%2Fcomments&post=69002"}],"version-history":[{"count":1,"href":"https:\/\/encuentroinformativo.com.mx\/index.php?rest_route=\/wp\/v2\/posts\/69002\/revisions"}],"predecessor-version":[{"id":69003,"href":"https:\/\/encuentroinformativo.com.mx\/index.php?rest_route=\/wp\/v2\/posts\/69002\/revisions\/69003"}],"wp:featuredmedia":[{"embeddable":true,"href":"https:\/\/encuentroinformativo.com.mx\/index.php?rest_route=\/wp\/v2\/media\/387"}],"wp:attachment":[{"href":"https:\/\/encuentroinformativo.com.mx\/index.php?rest_route=%2Fwp%2Fv2%2Fmedia&parent=69002"}],"wp:term":[{"taxonomy":"category","embeddable":true,"href":"https:\/\/encuentroinformativo.com.mx\/index.php?rest_route=%2Fwp%2Fv2%2Fcategories&post=69002"},{"taxonomy":"post_tag","embeddable":true,"href":"https:\/\/encuentroinformativo.com.mx\/index.php?rest_route=%2Fwp%2Fv2%2Ftags&post=69002"}],"curies":[{"name":"wp","href":"https:\/\/api.w.org\/{rel}","templated":true}]}}