{"id":69004,"date":"2025-07-02T12:17:35","date_gmt":"2025-07-02T18:17:35","guid":{"rendered":"https:\/\/encuentroinformativo.com.mx\/?p=69004"},"modified":"2025-07-02T12:18:32","modified_gmt":"2025-07-02T18:18:32","slug":"aseguran-taller-clandestino-muere-policia-estatal-durante-enfrentamiento","status":"publish","type":"post","link":"https:\/\/encuentroinformativo.com.mx\/?p=69004","title":{"rendered":"Aseguran taller clandestino, muere Polic\u00eda Estatal durante enfrentamiento"},"content":{"rendered":"<p><strong>Alejandro \u00c1vila<\/strong><\/p>\n<p>Cuitl\u00e1huac, Ver.- La madrugada de este mi\u00e9rcoles 2 de julio se registr\u00f3 un enfrentamiento armado entre Polic\u00eda Estatal y presuntos delincuentes, que atacaron a los uniformados durante un operativo en un taller mec\u00e1nico.<\/p>\n<p>El saldo de este lamentable incidente, fue de dos personas detenidas, varios veh\u00edculos asegurados y, desafortunadamente, el fallecimiento de un elemento de la Polic\u00eda Estatal.<\/p>\n<p>Los hechos ocurrieron alrededor de las 4 de la ma\u00f1ana en la colonia La Concordia del municipio de Cuitl\u00e1huac, donde se confirm\u00f3 que el polic\u00eda identificado con el distintivo &#8220;Cosco&#8221;, perdi\u00f3 la vida minutos m\u00e1s tarde.<\/p>\n<p>De acuerdo a los primeros informes se dice fueron agredidos por hombres armados que viajaban en un veh\u00edculo; de estos hechos las autoridades de la Fiscal\u00eda Regional ya tom\u00f3 conocimiento.<\/p>\n<p>Mediante un operativo de las fuerzas del orden, aseguraron un taller y una pensi\u00f3n, adem\u00e1s de cinco camionetas, un veh\u00edculo particular y una motocicleta.<\/p>\n","protected":false},"excerpt":{"rendered":"<p>Alejandro \u00c1vila Cuitl\u00e1huac, Ver.- La madrugada de este mi\u00e9rcoles 2 de julio se registr\u00f3 un enfrentamiento armado entre Polic\u00eda Estatal y presuntos delincuentes, que atacaron a los uniformados durante un operativo en un taller mec\u00e1nico. El saldo de este lamentable incidente, fue de dos personas detenidas, varios veh\u00edculos asegurados y, desafortunadamente, el fallecimiento de un [&hellip;]<\/p>\n","protected":false},"author":2476,"featured_media":69005,"comment_status":"open","ping_status":"open","sticky":false,"template":"","format":"standard","meta":{"_jetpack_memberships_contains_paid_content":false,"footnotes":""},"categories":[14],"tags":[],"class_list":["post-69004","post","type-post","status-publish","format-standard","has-post-thumbnail","hentry","category-policiaca"],"jetpack_featured_media_url":"https:\/\/encuentroinformativo.com.mx\/wp-content\/uploads\/2025\/07\/IMG-20250702-WA0090.jpg","jetpack_sharing_enabled":true,"jetpack_likes_enabled":true,"amp_enabled":true,"_links":{"self":[{"href":"https:\/\/encuentroinformativo.com.mx\/index.php?rest_route=\/wp\/v2\/posts\/69004","targetHints":{"allow":["GET"]}}],"collection":[{"href":"https:\/\/encuentroinformativo.com.mx\/index.php?rest_route=\/wp\/v2\/posts"}],"about":[{"href":"https:\/\/encuentroinformativo.com.mx\/index.php?rest_route=\/wp\/v2\/types\/post"}],"author":[{"embeddable":true,"href":"https:\/\/encuentroinformativo.com.mx\/index.php?rest_route=\/wp\/v2\/users\/2476"}],"replies":[{"embeddable":true,"href":"https:\/\/encuentroinformativo.com.mx\/index.php?rest_route=%2Fwp%2Fv2%2Fcomments&post=69004"}],"version-history":[{"count":1,"href":"https:\/\/encuentroinformativo.com.mx\/index.php?rest_route=\/wp\/v2\/posts\/69004\/revisions"}],"predecessor-version":[{"id":69006,"href":"https:\/\/encuentroinformativo.com.mx\/index.php?rest_route=\/wp\/v2\/posts\/69004\/revisions\/69006"}],"wp:featuredmedia":[{"embeddable":true,"href":"https:\/\/encuentroinformativo.com.mx\/index.php?rest_route=\/wp\/v2\/media\/69005"}],"wp:attachment":[{"href":"https:\/\/encuentroinformativo.com.mx\/index.php?rest_route=%2Fwp%2Fv2%2Fmedia&parent=69004"}],"wp:term":[{"taxonomy":"category","embeddable":true,"href":"https:\/\/encuentroinformativo.com.mx\/index.php?rest_route=%2Fwp%2Fv2%2Fcategories&post=69004"},{"taxonomy":"post_tag","embeddable":true,"href":"https:\/\/encuentroinformativo.com.mx\/index.php?rest_route=%2Fwp%2Fv2%2Ftags&post=69004"}],"curies":[{"name":"wp","href":"https:\/\/api.w.org\/{rel}","templated":true}]}}