{"id":69013,"date":"2025-07-02T13:54:46","date_gmt":"2025-07-02T19:54:46","guid":{"rendered":"https:\/\/encuentroinformativo.com.mx\/?p=69013"},"modified":"2025-07-02T13:54:46","modified_gmt":"2025-07-02T19:54:46","slug":"mujeres-insurgentes-reclaman-congruencia-a-las-autoridades-locales","status":"publish","type":"post","link":"https:\/\/encuentroinformativo.com.mx\/?p=69013","title":{"rendered":"Mujeres Insurgentes reclaman &#8220;congruencia&#8221; a las autoridades locales"},"content":{"rendered":"<p><strong>Dar\u00edo Pale<\/strong><\/p>\n<p>Xalapa, Ver.- Mujeres ganadoras de la Medalla Insurgente &#8220;Mar\u00eda Teresa de Medina y Miranda&#8221; se manifestaron contra la contrataci\u00f3n, por parte del Instituto Municipal de las Mujeres de Xalapa (IMMX), de un hombre se\u00f1alado como presunto agresor para impartir un taller de Lengua de Se\u00f1as Mexicana (LSM) en sus instalaciones, el cual comenz\u00f3 el pasado 23 de junio de 2025.<\/p>\n<p>Al respecto, explicaron que se trata de Adriana Gonz\u00e1lez Valera, quien en 2023 &#8220;fue reconocida con la Medalla Insurgente por su labor destacada en la difusi\u00f3n de los derechos humanos de las personas sordas y su incansable trabajo como int\u00e9rprete, traductora y promotora de la Lengua de Se\u00f1as Mexicana en Xalapa y la regi\u00f3n&#8221;.<\/p>\n<p>En ese sentido, manifestaron que su compa\u00f1era ha compartido p\u00fablicamente su historia de vida, &#8220;marcada por m\u00faltiples violencias de g\u00e9nero, incluida la ejercida por Miguel \u00c1ngel Preciado L\u00f3pez, el mismo hombre que ahora el IMMX ha contratado&#8221;.<\/p>\n<p>Rosalba Campos Vel\u00e1zquez, primera acreedora de la Medalla Insurgente (2020); Adriana Gonz\u00e1lez Valera, acreedora de la Medalla Insurgente (2023); y Carolina Ram\u00edrez Su\u00e1rez, acreedora de la Medalla Insurgente (2024) calificaron la contrataci\u00f3n como inaceptable, incongruente e irresponsable.<\/p>\n<p>Lo anterior, porque se\u00f1alan que el IMMX es una instituci\u00f3n cuya misi\u00f3n es trabajar por el bienestar y la protecci\u00f3n de las mujeres.<\/p>\n<p>Por ello, expusieron que al darle un espacio en el Instituto, legitima a un agresor &#8220;que ha sido se\u00f1alado de forma reiterada en diferentes espacios, comunitarios y feministas, que se sabe impune, pues las mujeres sordas a las que violenta no se atreven a denunciar por miedo, amenazas y falta de recursos, pues muchas est\u00e1n precarizadas econ\u00f3micamente&#8221;.<\/p>\n<p>Asimismo, consideraron que este hecho no solo revictimiza a Adriana, sino que pone en riesgo a otras mujeres que acuden al Instituto, muchas de ellas en situaci\u00f3n de vulnerabilidad.<\/p>\n<p>&#8220;Contratar a este individuo es ignorar el testimonio de una mujer reconocida oficialmente por el mismo Ayuntamiento, y es tambi\u00e9n cerrar la puerta a mujeres capacitadas, preparadas y con trayectoria en el \u00e1mbito de la LSM&#8221;, dijeron.<\/p>\n<p>Por lo anterior, exigieron al Instituto Municipal de las Mujeres de Xalapa: la cancelaci\u00f3n inmediata del taller impartido por Miguel \u00c1ngel Preciado L\u00f3pez; una revisi\u00f3n exhaustiva de los protocolos de contrataci\u00f3n, con perspectiva de g\u00e9nero y enfoque en derechos humanos; la inclusi\u00f3n de mujeres especialistas, como Adriana Gonz\u00e1lez Valera, en las actividades del Instituto; y una disculpa p\u00fablica y acciones reparadoras ante el da\u00f1o institucional causado.<\/p>\n<p>Finalmente, exigieron congruencia, respeto y justicia, porque &#8220;las mujeres no podemos seguir enfrentando obst\u00e1culos, silencios y exclusiones en las instituciones que se supone deben respaldarnos. Hoy, una vez m\u00e1s, nos vemos obligadas a alzar la voz&#8221;.<\/p>\n<p>&nbsp;<\/p>\n","protected":false},"excerpt":{"rendered":"<p>Dar\u00edo Pale Xalapa, Ver.- Mujeres ganadoras de la Medalla Insurgente &#8220;Mar\u00eda Teresa de Medina y Miranda&#8221; se manifestaron contra la contrataci\u00f3n, por parte del Instituto Municipal de las Mujeres de Xalapa (IMMX), de un hombre se\u00f1alado como presunto agresor para impartir un taller de Lengua de Se\u00f1as Mexicana (LSM) en sus instalaciones, el cual comenz\u00f3 [&hellip;]<\/p>\n","protected":false},"author":2476,"featured_media":69014,"comment_status":"open","ping_status":"open","sticky":false,"template":"","format":"standard","meta":{"_jetpack_memberships_contains_paid_content":false,"footnotes":""},"categories":[3],"tags":[],"class_list":["post-69013","post","type-post","status-publish","format-standard","has-post-thumbnail","hentry","category-xalapa"],"jetpack_featured_media_url":"https:\/\/encuentroinformativo.com.mx\/wp-content\/uploads\/2025\/07\/IMG-20250702-WA0155.jpg","jetpack_sharing_enabled":true,"jetpack_likes_enabled":true,"amp_enabled":true,"_links":{"self":[{"href":"https:\/\/encuentroinformativo.com.mx\/index.php?rest_route=\/wp\/v2\/posts\/69013","targetHints":{"allow":["GET"]}}],"collection":[{"href":"https:\/\/encuentroinformativo.com.mx\/index.php?rest_route=\/wp\/v2\/posts"}],"about":[{"href":"https:\/\/encuentroinformativo.com.mx\/index.php?rest_route=\/wp\/v2\/types\/post"}],"author":[{"embeddable":true,"href":"https:\/\/encuentroinformativo.com.mx\/index.php?rest_route=\/wp\/v2\/users\/2476"}],"replies":[{"embeddable":true,"href":"https:\/\/encuentroinformativo.com.mx\/index.php?rest_route=%2Fwp%2Fv2%2Fcomments&post=69013"}],"version-history":[{"count":1,"href":"https:\/\/encuentroinformativo.com.mx\/index.php?rest_route=\/wp\/v2\/posts\/69013\/revisions"}],"predecessor-version":[{"id":69015,"href":"https:\/\/encuentroinformativo.com.mx\/index.php?rest_route=\/wp\/v2\/posts\/69013\/revisions\/69015"}],"wp:featuredmedia":[{"embeddable":true,"href":"https:\/\/encuentroinformativo.com.mx\/index.php?rest_route=\/wp\/v2\/media\/69014"}],"wp:attachment":[{"href":"https:\/\/encuentroinformativo.com.mx\/index.php?rest_route=%2Fwp%2Fv2%2Fmedia&parent=69013"}],"wp:term":[{"taxonomy":"category","embeddable":true,"href":"https:\/\/encuentroinformativo.com.mx\/index.php?rest_route=%2Fwp%2Fv2%2Fcategories&post=69013"},{"taxonomy":"post_tag","embeddable":true,"href":"https:\/\/encuentroinformativo.com.mx\/index.php?rest_route=%2Fwp%2Fv2%2Ftags&post=69013"}],"curies":[{"name":"wp","href":"https:\/\/api.w.org\/{rel}","templated":true}]}}