{"id":69019,"date":"2025-07-02T14:05:17","date_gmt":"2025-07-02T20:05:17","guid":{"rendered":"https:\/\/encuentroinformativo.com.mx\/?p=69019"},"modified":"2025-07-02T14:05:17","modified_gmt":"2025-07-02T20:05:17","slug":"profugos-del-anexo-tambien-se-presentara-en-el-pirata-fuente","status":"publish","type":"post","link":"https:\/\/encuentroinformativo.com.mx\/?p=69019","title":{"rendered":"&#8220;Pr\u00f3fugos del Anexo\u201d tambi\u00e9n se presentar\u00e1 en el &#8220;Pirata&#8221; Fuente"},"content":{"rendered":"<p><strong>Alejandro \u00c1vila<\/strong><\/p>\n<p>Veracruz, Ver.- El tour m\u00e1s exitoso del regional mexicano, \u201cPr\u00f3fugos del Anexo\u201d, regresa a Veracruz pr\u00f3ximamente para presentare en el nuevo estadio de f\u00fatbol Luis \u201cPirata\u201d Fuente.<\/p>\n<p>RA Representaciones Art\u00edsticas, la empresa l\u00edder en Entretenimiento, Conciertos &amp; Espect\u00e1culos presentar\u00e1 pr\u00f3ximamente a Juli\u00f3n \u00c1lvarez y Alfredo Olivas, protagonistas y creadores de \u201cPr\u00f3fugos del Anexo\u201d, quienes traen para su p\u00fablico veracruzano lo mejor de su repertorio musical.<\/p>\n<p>Cabe destacar que en todas las plazas donde se han presentado Juli\u00f3n \u00c1lvarez y Alfredo Olivas con este tour \u201cPr\u00f3fugos del Anexo\u201d han sido Sold Out y los boletos se han agotado en minutos, por lo Veracruz seguramente no ser\u00e1 otra vez la excepci\u00f3n.<\/p>\n<p>Prep\u00e1rate para recibir a este d\u00fao de exitoso cantantes que te har\u00e1n vibrar con cada una de sus interpretaciones.<\/p>\n<p>La fecha a\u00fan est\u00e1 por definirse, pero no tardar\u00e1 en darse a conocer para que puedan ser adquiridos los boletos por sus fans.<\/p>\n","protected":false},"excerpt":{"rendered":"<p>Alejandro \u00c1vila Veracruz, Ver.- El tour m\u00e1s exitoso del regional mexicano, \u201cPr\u00f3fugos del Anexo\u201d, regresa a Veracruz pr\u00f3ximamente para presentare en el nuevo estadio de f\u00fatbol Luis \u201cPirata\u201d Fuente. RA Representaciones Art\u00edsticas, la empresa l\u00edder en Entretenimiento, Conciertos &amp; Espect\u00e1culos presentar\u00e1 pr\u00f3ximamente a Juli\u00f3n \u00c1lvarez y Alfredo Olivas, protagonistas y creadores de \u201cPr\u00f3fugos del Anexo\u201d, [&hellip;]<\/p>\n","protected":false},"author":2476,"featured_media":69020,"comment_status":"open","ping_status":"open","sticky":false,"template":"","format":"standard","meta":{"_jetpack_memberships_contains_paid_content":false,"footnotes":""},"categories":[2],"tags":[],"class_list":["post-69019","post","type-post","status-publish","format-standard","has-post-thumbnail","hentry","category-estado"],"jetpack_featured_media_url":"https:\/\/encuentroinformativo.com.mx\/wp-content\/uploads\/2025\/07\/IMG-20250702-WA0142.jpg","jetpack_sharing_enabled":true,"jetpack_likes_enabled":true,"amp_enabled":true,"_links":{"self":[{"href":"https:\/\/encuentroinformativo.com.mx\/index.php?rest_route=\/wp\/v2\/posts\/69019","targetHints":{"allow":["GET"]}}],"collection":[{"href":"https:\/\/encuentroinformativo.com.mx\/index.php?rest_route=\/wp\/v2\/posts"}],"about":[{"href":"https:\/\/encuentroinformativo.com.mx\/index.php?rest_route=\/wp\/v2\/types\/post"}],"author":[{"embeddable":true,"href":"https:\/\/encuentroinformativo.com.mx\/index.php?rest_route=\/wp\/v2\/users\/2476"}],"replies":[{"embeddable":true,"href":"https:\/\/encuentroinformativo.com.mx\/index.php?rest_route=%2Fwp%2Fv2%2Fcomments&post=69019"}],"version-history":[{"count":1,"href":"https:\/\/encuentroinformativo.com.mx\/index.php?rest_route=\/wp\/v2\/posts\/69019\/revisions"}],"predecessor-version":[{"id":69021,"href":"https:\/\/encuentroinformativo.com.mx\/index.php?rest_route=\/wp\/v2\/posts\/69019\/revisions\/69021"}],"wp:featuredmedia":[{"embeddable":true,"href":"https:\/\/encuentroinformativo.com.mx\/index.php?rest_route=\/wp\/v2\/media\/69020"}],"wp:attachment":[{"href":"https:\/\/encuentroinformativo.com.mx\/index.php?rest_route=%2Fwp%2Fv2%2Fmedia&parent=69019"}],"wp:term":[{"taxonomy":"category","embeddable":true,"href":"https:\/\/encuentroinformativo.com.mx\/index.php?rest_route=%2Fwp%2Fv2%2Fcategories&post=69019"},{"taxonomy":"post_tag","embeddable":true,"href":"https:\/\/encuentroinformativo.com.mx\/index.php?rest_route=%2Fwp%2Fv2%2Ftags&post=69019"}],"curies":[{"name":"wp","href":"https:\/\/api.w.org\/{rel}","templated":true}]}}