{"id":69029,"date":"2025-07-02T17:19:23","date_gmt":"2025-07-02T23:19:23","guid":{"rendered":"https:\/\/encuentroinformativo.com.mx\/?p=69029"},"modified":"2025-07-02T17:19:23","modified_gmt":"2025-07-02T23:19:23","slug":"tras-inconformidades-revisaran-protocolos-para-contratacion-de-personal","status":"publish","type":"post","link":"https:\/\/encuentroinformativo.com.mx\/?p=69029","title":{"rendered":"Tras inconformidades, revisar\u00e1n protocolos para contrataci\u00f3n de personal"},"content":{"rendered":"<p><strong>Dar\u00edo Pale<\/strong><\/p>\n<p>Xalapa, Ver.- Tras la inconformidad de mujeres por la contrataci\u00f3n de un presunto violentador para dar un curso de lengua de se\u00f1as en el Instituto Municipal de las Mujeres de Xalapa, el alcalde Alberto Islas Reyes precis\u00f3 que se revisar\u00e1n los protocolos para contratar a las personas.<\/p>\n<p>El edil capitalino tambi\u00e9n coment\u00f3 que el proyecto que present\u00f3 Adriana Gonz\u00e1lez Valera se revisar\u00e1, de igual forma indic\u00f3 que el dinero para pagar los cursos y talleres es p\u00fablico.<\/p>\n<p>&#8220;Todo el dinero con el que se contratan bienes, servicios y obras es p\u00fablico, si ella cumple con los requisitos que se establezcan en el procedimiento, sin ning\u00fan problema&#8221;, coment\u00f3.<\/p>\n<p>Por ello, Alberto Islas fue enf\u00e1tico en se\u00f1alar que si Adriana Gonz\u00e1lez tiene las habilidades y las cualidades, &#8220;sin ning\u00fan problema&#8221; se le contratar\u00eda.<\/p>\n<p>Por ultimo cabe mencionar que la quejosa durante su protesta expuso que ella le otorg\u00f3 constancias de capacitaci\u00f3n al presunto violentador, quien le aseguraba que el Ayuntamiento no pagaba y luego present\u00f3 el proyecto para que \u00e9l lo encabezara.<\/p>\n","protected":false},"excerpt":{"rendered":"<p>Dar\u00edo Pale Xalapa, Ver.- Tras la inconformidad de mujeres por la contrataci\u00f3n de un presunto violentador para dar un curso de lengua de se\u00f1as en el Instituto Municipal de las Mujeres de Xalapa, el alcalde Alberto Islas Reyes precis\u00f3 que se revisar\u00e1n los protocolos para contratar a las personas. El edil capitalino tambi\u00e9n coment\u00f3 que [&hellip;]<\/p>\n","protected":false},"author":2476,"featured_media":69030,"comment_status":"open","ping_status":"open","sticky":false,"template":"","format":"standard","meta":{"_jetpack_memberships_contains_paid_content":false,"footnotes":""},"categories":[3],"tags":[],"class_list":["post-69029","post","type-post","status-publish","format-standard","has-post-thumbnail","hentry","category-xalapa"],"jetpack_featured_media_url":"https:\/\/encuentroinformativo.com.mx\/wp-content\/uploads\/2025\/07\/IMG-20250702-WA02352.jpg","jetpack_sharing_enabled":true,"jetpack_likes_enabled":true,"amp_enabled":true,"_links":{"self":[{"href":"https:\/\/encuentroinformativo.com.mx\/index.php?rest_route=\/wp\/v2\/posts\/69029","targetHints":{"allow":["GET"]}}],"collection":[{"href":"https:\/\/encuentroinformativo.com.mx\/index.php?rest_route=\/wp\/v2\/posts"}],"about":[{"href":"https:\/\/encuentroinformativo.com.mx\/index.php?rest_route=\/wp\/v2\/types\/post"}],"author":[{"embeddable":true,"href":"https:\/\/encuentroinformativo.com.mx\/index.php?rest_route=\/wp\/v2\/users\/2476"}],"replies":[{"embeddable":true,"href":"https:\/\/encuentroinformativo.com.mx\/index.php?rest_route=%2Fwp%2Fv2%2Fcomments&post=69029"}],"version-history":[{"count":1,"href":"https:\/\/encuentroinformativo.com.mx\/index.php?rest_route=\/wp\/v2\/posts\/69029\/revisions"}],"predecessor-version":[{"id":69031,"href":"https:\/\/encuentroinformativo.com.mx\/index.php?rest_route=\/wp\/v2\/posts\/69029\/revisions\/69031"}],"wp:featuredmedia":[{"embeddable":true,"href":"https:\/\/encuentroinformativo.com.mx\/index.php?rest_route=\/wp\/v2\/media\/69030"}],"wp:attachment":[{"href":"https:\/\/encuentroinformativo.com.mx\/index.php?rest_route=%2Fwp%2Fv2%2Fmedia&parent=69029"}],"wp:term":[{"taxonomy":"category","embeddable":true,"href":"https:\/\/encuentroinformativo.com.mx\/index.php?rest_route=%2Fwp%2Fv2%2Fcategories&post=69029"},{"taxonomy":"post_tag","embeddable":true,"href":"https:\/\/encuentroinformativo.com.mx\/index.php?rest_route=%2Fwp%2Fv2%2Ftags&post=69029"}],"curies":[{"name":"wp","href":"https:\/\/api.w.org\/{rel}","templated":true}]}}