{"id":69032,"date":"2025-07-02T17:24:40","date_gmt":"2025-07-02T23:24:40","guid":{"rendered":"https:\/\/encuentroinformativo.com.mx\/?p=69032"},"modified":"2025-07-02T17:24:40","modified_gmt":"2025-07-02T23:24:40","slug":"afectaciones-menores-por-lluvias-en-alto-lucero-senala-alcalde","status":"publish","type":"post","link":"https:\/\/encuentroinformativo.com.mx\/?p=69032","title":{"rendered":"Afectaciones menores por lluvias en Alto Lucero, se\u00f1ala Alcalde"},"content":{"rendered":"<p><strong>Dar\u00edo Pale<\/strong><\/p>\n<p>Xalapa, Ver.- El alcalde de Alto Lucero, Elesvan Mendoza Morales, indic\u00f3 que en este momento su administraci\u00f3n se encuentra en el proceso de cierre para la pr\u00f3xima entrega- recepci\u00f3n.<\/p>\n<p>Record\u00f3 que \u00e9l es suplente de Luis Vicente Aguilar, actualmente diputado y asegur\u00f3 que ya se cre\u00f3 el comit\u00e9 para el cierre del sistema administrativo, &#8220;vamos en tiempo y forma para hacer una buena entrega&#8221;.<\/p>\n<p>En este sentido, precis\u00f3 que no quedar\u00e1n pendientes, ya que poco a poco se han ido subsanando y con tiempo hubo planificaci\u00f3n de obras y acciones.<\/p>\n<p>En otro orden de ideas, se\u00f1al\u00f3 que su municipio sufri\u00f3 algunas afectaciones derivadas de las lluvias, como deslizamiento de rocas y deslaves, sin embargo asegur\u00f3 que se realizaron acciones para dejar las v\u00edas de comunicaci\u00f3n libres.<\/p>\n<p>&#8220;Tenemos una zona de mucha sierra, mucha monta\u00f1a y ha habido deslizamiento de piedras, deslaves pero se ha trabajado con Protecci\u00f3n Civil, maquinaria y personal para libre acceso a quienes por ah\u00ed transitan\u201d, se\u00f1al\u00f3.<\/p>\n<p>Finalmente dio a conocer que \u201cse registraron deslaves, rocas sobre la v\u00eda de tr\u00e1nsito y solo un tramo afectado pero se est\u00e1 reparando para un tr\u00e1nsito libre&#8221;.<\/p>\n","protected":false},"excerpt":{"rendered":"<p>Dar\u00edo Pale Xalapa, Ver.- El alcalde de Alto Lucero, Elesvan Mendoza Morales, indic\u00f3 que en este momento su administraci\u00f3n se encuentra en el proceso de cierre para la pr\u00f3xima entrega- recepci\u00f3n. Record\u00f3 que \u00e9l es suplente de Luis Vicente Aguilar, actualmente diputado y asegur\u00f3 que ya se cre\u00f3 el comit\u00e9 para el cierre del sistema [&hellip;]<\/p>\n","protected":false},"author":2476,"featured_media":69033,"comment_status":"open","ping_status":"open","sticky":false,"template":"","format":"standard","meta":{"_jetpack_memberships_contains_paid_content":false,"footnotes":""},"categories":[8],"tags":[],"class_list":["post-69032","post","type-post","status-publish","format-standard","has-post-thumbnail","hentry","category-region"],"jetpack_featured_media_url":"https:\/\/encuentroinformativo.com.mx\/wp-content\/uploads\/2025\/07\/IMG-20250702-WA0249.jpg","jetpack_sharing_enabled":true,"jetpack_likes_enabled":true,"amp_enabled":true,"_links":{"self":[{"href":"https:\/\/encuentroinformativo.com.mx\/index.php?rest_route=\/wp\/v2\/posts\/69032","targetHints":{"allow":["GET"]}}],"collection":[{"href":"https:\/\/encuentroinformativo.com.mx\/index.php?rest_route=\/wp\/v2\/posts"}],"about":[{"href":"https:\/\/encuentroinformativo.com.mx\/index.php?rest_route=\/wp\/v2\/types\/post"}],"author":[{"embeddable":true,"href":"https:\/\/encuentroinformativo.com.mx\/index.php?rest_route=\/wp\/v2\/users\/2476"}],"replies":[{"embeddable":true,"href":"https:\/\/encuentroinformativo.com.mx\/index.php?rest_route=%2Fwp%2Fv2%2Fcomments&post=69032"}],"version-history":[{"count":2,"href":"https:\/\/encuentroinformativo.com.mx\/index.php?rest_route=\/wp\/v2\/posts\/69032\/revisions"}],"predecessor-version":[{"id":69035,"href":"https:\/\/encuentroinformativo.com.mx\/index.php?rest_route=\/wp\/v2\/posts\/69032\/revisions\/69035"}],"wp:featuredmedia":[{"embeddable":true,"href":"https:\/\/encuentroinformativo.com.mx\/index.php?rest_route=\/wp\/v2\/media\/69033"}],"wp:attachment":[{"href":"https:\/\/encuentroinformativo.com.mx\/index.php?rest_route=%2Fwp%2Fv2%2Fmedia&parent=69032"}],"wp:term":[{"taxonomy":"category","embeddable":true,"href":"https:\/\/encuentroinformativo.com.mx\/index.php?rest_route=%2Fwp%2Fv2%2Fcategories&post=69032"},{"taxonomy":"post_tag","embeddable":true,"href":"https:\/\/encuentroinformativo.com.mx\/index.php?rest_route=%2Fwp%2Fv2%2Ftags&post=69032"}],"curies":[{"name":"wp","href":"https:\/\/api.w.org\/{rel}","templated":true}]}}