{"id":69041,"date":"2025-07-03T08:43:11","date_gmt":"2025-07-03T14:43:11","guid":{"rendered":"https:\/\/encuentroinformativo.com.mx\/?p=69041"},"modified":"2025-07-03T08:43:11","modified_gmt":"2025-07-03T14:43:11","slug":"presuntos-funcionarios-municipales-intentan-demandar-a-fundacion-yaritza-y-despojarlos-de-terreno-para-equinoterapia","status":"publish","type":"post","link":"https:\/\/encuentroinformativo.com.mx\/?p=69041","title":{"rendered":"Presuntos funcionarios municipales intentan demandar a Fundaci\u00f3n Yaritza y despojarlos de terreno para equinoterapia"},"content":{"rendered":"<p><strong>Alejandro \u00c1vila<\/strong><\/p>\n<p>Veracruz, Ver.- Un presunto grupo de empleados municipales de la direcci\u00f3n de Medio Ambiente, intimidaron a la Fundaci\u00f3n Yaritza con una presunta demanda para despojar los de los terrenos de la extinta Casa de la Tierra.<\/p>\n<p>El argumento de los presuntos empleados municipales es haber utilizado maquinaria para limpiar los terrenos que les fueron entregados desde hace casi 8 a\u00f1os, y donde han atendido a m\u00e1s de 8 mil ni\u00f1os con discapacidad y 800 personas de bajos recursos con terapias y otros servicios de salud.<\/p>\n<p>Los empleados municipales acudieron por una supuesta llamada an\u00f3nima, la cual momentos m\u00e1s tarde se logr\u00f3 saber fue realizada por el grupo de colonos de la Universidad Habitacional Tecnol\u00f3gico, que encabeza Jorge Vidrio, quienes meses antes se hab\u00edan apropiado de un terreno propiedad del municipio para condicionarlo como jard\u00edn, y que incluso rentaron para una Feria.<\/p>\n<p>Cabe mencionar que, desde hace meses la Fundaci\u00f3n Yaritza, en coordinaci\u00f3n con la Fundaci\u00f3n Retorno a la Mar, preside el capit\u00e1n Orozco; han realizado limpieza y rehabilitaci\u00f3n de la Casa de la Tierra y los terrenos alrededor, situaci\u00f3n que ha beneficiado a cientos de estudiantes mujeres del Conalep, y ciudadanos, en su mayor\u00eda de la tercera edad, que transitan por una zona m\u00e1s limpia y segura en su tr\u00e1nsito entra a la avenida Rafael Cuervo y la avenida Cuauht\u00e9moc.<\/p>\n<p>La Casa de la Tierra que fungi\u00f3 como un espacio para visualizar el cambio clim\u00e1tico durante la administraci\u00f3n de Jon Rementer\u00eda, fue olvidado durante las \u00faltimas dos administraciones municipales, pero a 6 meses de terminar la actual alcald\u00eda pretenden despojar a cientos de ni\u00f1os con discapacidad de sus equinoterapias.<\/p>\n","protected":false},"excerpt":{"rendered":"<p>Alejandro \u00c1vila Veracruz, Ver.- Un presunto grupo de empleados municipales de la direcci\u00f3n de Medio Ambiente, intimidaron a la Fundaci\u00f3n Yaritza con una presunta demanda para despojar los de los terrenos de la extinta Casa de la Tierra. El argumento de los presuntos empleados municipales es haber utilizado maquinaria para limpiar los terrenos que les [&hellip;]<\/p>\n","protected":false},"author":2476,"featured_media":69042,"comment_status":"open","ping_status":"open","sticky":false,"template":"","format":"standard","meta":{"_jetpack_memberships_contains_paid_content":false,"footnotes":""},"categories":[2],"tags":[],"class_list":["post-69041","post","type-post","status-publish","format-standard","has-post-thumbnail","hentry","category-estado"],"jetpack_featured_media_url":"https:\/\/encuentroinformativo.com.mx\/wp-content\/uploads\/2025\/07\/IMG-20250703-WA0024.jpg","jetpack_sharing_enabled":true,"jetpack_likes_enabled":true,"amp_enabled":true,"_links":{"self":[{"href":"https:\/\/encuentroinformativo.com.mx\/index.php?rest_route=\/wp\/v2\/posts\/69041","targetHints":{"allow":["GET"]}}],"collection":[{"href":"https:\/\/encuentroinformativo.com.mx\/index.php?rest_route=\/wp\/v2\/posts"}],"about":[{"href":"https:\/\/encuentroinformativo.com.mx\/index.php?rest_route=\/wp\/v2\/types\/post"}],"author":[{"embeddable":true,"href":"https:\/\/encuentroinformativo.com.mx\/index.php?rest_route=\/wp\/v2\/users\/2476"}],"replies":[{"embeddable":true,"href":"https:\/\/encuentroinformativo.com.mx\/index.php?rest_route=%2Fwp%2Fv2%2Fcomments&post=69041"}],"version-history":[{"count":1,"href":"https:\/\/encuentroinformativo.com.mx\/index.php?rest_route=\/wp\/v2\/posts\/69041\/revisions"}],"predecessor-version":[{"id":69043,"href":"https:\/\/encuentroinformativo.com.mx\/index.php?rest_route=\/wp\/v2\/posts\/69041\/revisions\/69043"}],"wp:featuredmedia":[{"embeddable":true,"href":"https:\/\/encuentroinformativo.com.mx\/index.php?rest_route=\/wp\/v2\/media\/69042"}],"wp:attachment":[{"href":"https:\/\/encuentroinformativo.com.mx\/index.php?rest_route=%2Fwp%2Fv2%2Fmedia&parent=69041"}],"wp:term":[{"taxonomy":"category","embeddable":true,"href":"https:\/\/encuentroinformativo.com.mx\/index.php?rest_route=%2Fwp%2Fv2%2Fcategories&post=69041"},{"taxonomy":"post_tag","embeddable":true,"href":"https:\/\/encuentroinformativo.com.mx\/index.php?rest_route=%2Fwp%2Fv2%2Ftags&post=69041"}],"curies":[{"name":"wp","href":"https:\/\/api.w.org\/{rel}","templated":true}]}}