{"id":69046,"date":"2025-07-03T10:12:06","date_gmt":"2025-07-03T16:12:06","guid":{"rendered":"https:\/\/encuentroinformativo.com.mx\/?p=69046"},"modified":"2025-07-03T10:12:06","modified_gmt":"2025-07-03T16:12:06","slug":"intentan-ejecutar-a-hombre-en-martinez-de-la-torre","status":"publish","type":"post","link":"https:\/\/encuentroinformativo.com.mx\/?p=69046","title":{"rendered":"Intentan ejecutar a hombre en Mart\u00ednez de la Torre\u00a0"},"content":{"rendered":"<p><strong>Jos\u00e9 Vargas<\/strong><\/p>\n<p>Mart\u00ednez de la Torre, Ver.- Un hombre fue atacado a balazos la noche de este mi\u00e9rcoles en un lote bald\u00edo de la colonia Vicente Guerrero, en el municipio de Mart\u00ednez de la Torre. La v\u00edctima recibi\u00f3 al menos tres impactos de arma de fuego en la cabeza y permanece en estado grave.<\/p>\n<p>De acuerdo con informaci\u00f3n preliminar, los hechos ocurrieron en una privada de la calle Dolores, donde un sujeto ingres\u00f3 corriendo a un terreno bald\u00edo aparentemente en un intento de esconderse de sus agresores. Sin embargo, los atacantes lograron alcanzarlo y abrieron fuego en su contra, d\u00e1ndole tres veces en la regi\u00f3n cef\u00e1lica.<\/p>\n<p>Vecinos de la zona, alertados por las detonaciones, llamaron de inmediato al 911. Minutos despu\u00e9s, elementos de la Polic\u00eda Preventiva Municipal y de la Secretar\u00eda de Seguridad P\u00fablica (SSP) arribaron al lugar, procediendo a acordonar la escena conforme a los protocolos de resguardo.<\/p>\n<p>Param\u00e9dicos de Protecci\u00f3n Civil y Bomberos atendieron a la v\u00edctima en el sitio y lo trasladaron de urgencia a un centro hospitalario. Hasta el momento, su identidad no ha sido revelada oficialmente, y su estado de salud se reporta como delicado.<\/p>\n<p>Las autoridades ministeriales iniciaron las diligencias correspondientes y recabaron indicios bal\u00edsticos en el \u00e1rea del ataque. No se ha informado sobre personas detenidas ni sobre el m\u00f3vil de la agresi\u00f3n, aunque no se descarta que el hecho est\u00e9 relacionado con posibles ajustes de cuentas.<\/p>\n<p>El caso qued\u00f3 bajo investigaci\u00f3n por parte de la Fiscal\u00eda General del Estado, que realizar\u00e1 las indagatorias para esclarecer los hechos.<\/p>\n","protected":false},"excerpt":{"rendered":"<p>Jos\u00e9 Vargas Mart\u00ednez de la Torre, Ver.- Un hombre fue atacado a balazos la noche de este mi\u00e9rcoles en un lote bald\u00edo de la colonia Vicente Guerrero, en el municipio de Mart\u00ednez de la Torre. La v\u00edctima recibi\u00f3 al menos tres impactos de arma de fuego en la cabeza y permanece en estado grave. De [&hellip;]<\/p>\n","protected":false},"author":2476,"featured_media":69047,"comment_status":"open","ping_status":"open","sticky":false,"template":"","format":"standard","meta":{"_jetpack_memberships_contains_paid_content":false,"footnotes":""},"categories":[14],"tags":[],"class_list":["post-69046","post","type-post","status-publish","format-standard","has-post-thumbnail","hentry","category-policiaca"],"jetpack_featured_media_url":"https:\/\/encuentroinformativo.com.mx\/wp-content\/uploads\/2025\/07\/IMG-20250703-WA00372.jpg","jetpack_sharing_enabled":true,"jetpack_likes_enabled":true,"amp_enabled":true,"_links":{"self":[{"href":"https:\/\/encuentroinformativo.com.mx\/index.php?rest_route=\/wp\/v2\/posts\/69046","targetHints":{"allow":["GET"]}}],"collection":[{"href":"https:\/\/encuentroinformativo.com.mx\/index.php?rest_route=\/wp\/v2\/posts"}],"about":[{"href":"https:\/\/encuentroinformativo.com.mx\/index.php?rest_route=\/wp\/v2\/types\/post"}],"author":[{"embeddable":true,"href":"https:\/\/encuentroinformativo.com.mx\/index.php?rest_route=\/wp\/v2\/users\/2476"}],"replies":[{"embeddable":true,"href":"https:\/\/encuentroinformativo.com.mx\/index.php?rest_route=%2Fwp%2Fv2%2Fcomments&post=69046"}],"version-history":[{"count":1,"href":"https:\/\/encuentroinformativo.com.mx\/index.php?rest_route=\/wp\/v2\/posts\/69046\/revisions"}],"predecessor-version":[{"id":69048,"href":"https:\/\/encuentroinformativo.com.mx\/index.php?rest_route=\/wp\/v2\/posts\/69046\/revisions\/69048"}],"wp:featuredmedia":[{"embeddable":true,"href":"https:\/\/encuentroinformativo.com.mx\/index.php?rest_route=\/wp\/v2\/media\/69047"}],"wp:attachment":[{"href":"https:\/\/encuentroinformativo.com.mx\/index.php?rest_route=%2Fwp%2Fv2%2Fmedia&parent=69046"}],"wp:term":[{"taxonomy":"category","embeddable":true,"href":"https:\/\/encuentroinformativo.com.mx\/index.php?rest_route=%2Fwp%2Fv2%2Fcategories&post=69046"},{"taxonomy":"post_tag","embeddable":true,"href":"https:\/\/encuentroinformativo.com.mx\/index.php?rest_route=%2Fwp%2Fv2%2Ftags&post=69046"}],"curies":[{"name":"wp","href":"https:\/\/api.w.org\/{rel}","templated":true}]}}