{"id":69053,"date":"2025-07-03T13:00:14","date_gmt":"2025-07-03T19:00:14","guid":{"rendered":"https:\/\/encuentroinformativo.com.mx\/?p=69053"},"modified":"2025-07-03T13:00:14","modified_gmt":"2025-07-03T19:00:14","slug":"reportan-tercer-ataque-de-abejas-en-parque-de-veracruz","status":"publish","type":"post","link":"https:\/\/encuentroinformativo.com.mx\/?p=69053","title":{"rendered":"Reportan tercer ataque de abejas en parque de Veracruz"},"content":{"rendered":"<p><strong>Alejandro \u00c1vila<\/strong><\/p>\n<p>Veracruz, Ver.- La tarde de este mi\u00e9rcoles 2 de julio se registr\u00f3 el tercer ataque de abejas en la zona conurbada Veracruz &#8211; Boca del R\u00edo, siendo este \u00faltimo donde se encontr\u00f3 el panal m\u00e1s grandes.<\/p>\n<p>Al menos cuatro personas fueron atacadas la tarde de este mi\u00e9rcoles en el parque Zamora, dentro del primer cuadro de la ciudad de Veracruz.<\/p>\n<p>Elementos del Heroico Cuerpo de Bomberos identificaron el lugar donde se encontraba el enjambre y procedieron a acordonar varios metros a la redonda para prevenir m\u00e1s lesionados.<\/p>\n<p>V\u00edctor Espinoza, apicultor, detall\u00f3 que en el enjambre se localizaba al interior sobre un pino y ten\u00eda m\u00e1s de 2 mil abejas; el panal fue retirado y se buscar\u00e1 su reubicaci\u00f3n, ya que las abejas son los agentes polinizadores de plantas.<\/p>\n<p>\u201cEstas abejas se reubican en otro lugar d\u00f3nde no molesten a la gente y la gente no las moleste. Le ponemos una caja y ellas toman la decisi\u00f3n de irse o quedarse en una tipo granja\u201d.<\/p>\n<p>Espinoza indic\u00f3 que, semanalmente brindan de uno a diez servicios y trabajan con cuotas de recuperaci\u00f3n, pues incluso han tenido que viajar hacia otros municipios para brindar la atenci\u00f3n adecuada y agreg\u00f3 que, durante los \u00faltimos meses se han registrado tres ataques de abejas; uno en el fraccionamiento Las Vegas; otro en Paso San Juan, y el \u00faltimo en el parque Zamora.<\/p>\n","protected":false},"excerpt":{"rendered":"<p>Alejandro \u00c1vila Veracruz, Ver.- La tarde de este mi\u00e9rcoles 2 de julio se registr\u00f3 el tercer ataque de abejas en la zona conurbada Veracruz &#8211; Boca del R\u00edo, siendo este \u00faltimo donde se encontr\u00f3 el panal m\u00e1s grandes. Al menos cuatro personas fueron atacadas la tarde de este mi\u00e9rcoles en el parque Zamora, dentro del [&hellip;]<\/p>\n","protected":false},"author":2476,"featured_media":69054,"comment_status":"open","ping_status":"open","sticky":false,"template":"","format":"standard","meta":{"_jetpack_memberships_contains_paid_content":false,"footnotes":""},"categories":[2],"tags":[],"class_list":["post-69053","post","type-post","status-publish","format-standard","has-post-thumbnail","hentry","category-estado"],"jetpack_featured_media_url":"https:\/\/encuentroinformativo.com.mx\/wp-content\/uploads\/2025\/07\/IMG-20250703-WA0093.jpg","jetpack_sharing_enabled":true,"jetpack_likes_enabled":true,"amp_enabled":true,"_links":{"self":[{"href":"https:\/\/encuentroinformativo.com.mx\/index.php?rest_route=\/wp\/v2\/posts\/69053","targetHints":{"allow":["GET"]}}],"collection":[{"href":"https:\/\/encuentroinformativo.com.mx\/index.php?rest_route=\/wp\/v2\/posts"}],"about":[{"href":"https:\/\/encuentroinformativo.com.mx\/index.php?rest_route=\/wp\/v2\/types\/post"}],"author":[{"embeddable":true,"href":"https:\/\/encuentroinformativo.com.mx\/index.php?rest_route=\/wp\/v2\/users\/2476"}],"replies":[{"embeddable":true,"href":"https:\/\/encuentroinformativo.com.mx\/index.php?rest_route=%2Fwp%2Fv2%2Fcomments&post=69053"}],"version-history":[{"count":1,"href":"https:\/\/encuentroinformativo.com.mx\/index.php?rest_route=\/wp\/v2\/posts\/69053\/revisions"}],"predecessor-version":[{"id":69055,"href":"https:\/\/encuentroinformativo.com.mx\/index.php?rest_route=\/wp\/v2\/posts\/69053\/revisions\/69055"}],"wp:featuredmedia":[{"embeddable":true,"href":"https:\/\/encuentroinformativo.com.mx\/index.php?rest_route=\/wp\/v2\/media\/69054"}],"wp:attachment":[{"href":"https:\/\/encuentroinformativo.com.mx\/index.php?rest_route=%2Fwp%2Fv2%2Fmedia&parent=69053"}],"wp:term":[{"taxonomy":"category","embeddable":true,"href":"https:\/\/encuentroinformativo.com.mx\/index.php?rest_route=%2Fwp%2Fv2%2Fcategories&post=69053"},{"taxonomy":"post_tag","embeddable":true,"href":"https:\/\/encuentroinformativo.com.mx\/index.php?rest_route=%2Fwp%2Fv2%2Ftags&post=69053"}],"curies":[{"name":"wp","href":"https:\/\/api.w.org\/{rel}","templated":true}]}}