{"id":69056,"date":"2025-07-03T13:56:10","date_gmt":"2025-07-03T19:56:10","guid":{"rendered":"https:\/\/encuentroinformativo.com.mx\/?p=69056"},"modified":"2025-07-03T13:56:10","modified_gmt":"2025-07-03T19:56:10","slug":"se-coordinan-instituciones-para-atender-y-prevenir-embarazo-infantil-ivm","status":"publish","type":"post","link":"https:\/\/encuentroinformativo.com.mx\/?p=69056","title":{"rendered":"Se coordinan instituciones para atender y prevenir embarazo infantil: IVM"},"content":{"rendered":"<p><strong>* Exhortan a ni\u00f1as y mujeres v\u00edctimas de abusos a presentar denuncias.<\/strong><\/p>\n<p><strong>Dar\u00edo Pale<\/strong><\/p>\n<p>Xalapa, Ver.- Zaira Fabiola Del Toro Olivares directora del Instituto Veracruzano de las Mujeres (IVM), pidi\u00f3 a las mujeres, ni\u00f1as y adolescentes que no desistan de sus procesos, que sepan que las instituciones tienen la obligaci\u00f3n de garantizar este acceso a la justicia por los embarazos.<\/p>\n<p>En cuanto a la atenci\u00f3n a las ni\u00f1as y adolescentes embarazadas coment\u00f3 que, la atenci\u00f3n debe hacerse de manera institucional, a nivel estatal est\u00e1 el Grupo Estatal para la Prevenci\u00f3n del Embarazo en Adolescente (GPA) y este dicta las estrategias a los municipios a trav\u00e9s de los IPAM.<\/p>\n<p>\u201cQuien lo coordina es el Consejo Estatal de Poblaci\u00f3n en coordinaci\u00f3n con la Secretar\u00eda T\u00e9cnica que lleva una servidora y marcamos o damos continuidad a la ENAP, aquella estrategia nacional que con esta adecuaci\u00f3n que tuvo la Secretar\u00eda de las Mujeres est\u00e1n trabajando en la tercera etapa de la implementaci\u00f3n de esta estrategia\u201d, se\u00f1al\u00f3.<\/p>\n<p>\u201cHubo resultados en la primera sesi\u00f3n que se tuvo que fue a principios de a\u00f1o, los resultados que nos mostraba la actuaria que es quien lleva el consejo estatal el nombre no lo tengo aqu\u00ed en la mano, pero de la prevenci\u00f3n de igualdad de g\u00e9nero\u201d, agreg\u00f3.<\/p>\n<p>Los resultados del trabajo que se hizo desde hace 10 a\u00f1os de la implementaci\u00f3n de la ENAPEA al resultado que se tiene hoy y Veracruz ha bajado en los \u00edndices de estas situaciones, pero deben de continuar los procesos de denuncia y acompa\u00f1amiento a las mujeres y a las adolescentes o ni\u00f1as que pudieran estar viviendo esta situaci\u00f3n.<\/p>\n<p>\u201cHemos tenido vinculaci\u00f3n y esa es una de las cosas que quiero agradecer, es el trabajo de la sociedad civil, de las colectivas que se acercan al instituto para dar los acompa\u00f1amientos, qu\u00e9 nos toca a nosotras las instituciones profesionalizar y capacitar a las abogadas y las psic\u00f3logas que est\u00e1n en los \u00e1mbitos tanto de las instancias que atienden a las infancias, como de los institutos que atendemos a mujeres y adolescentes para que esta atenci\u00f3n sea de manera integral y sin revictimizaci\u00f3n, que es lo m\u00e1s importante\u201d, coment\u00f3.<\/p>\n<p>Dijo que lo que les pide mucho a las mujeres, a las ni\u00f1as, a los adolescentes que est\u00e9n pasando por una situaci\u00f3n as\u00ed, es que no desistan de sus procesos, que sepan que las instituciones tienen la obligaci\u00f3n de garantizar este acceso a la justicia y hacerlo de una manera acompa\u00f1ada y de manera interinstitucional, porque hay atribuciones que le competen al instituto y otras que le competen a la fiscal\u00eda y as\u00ed en en cada uno, otros al sector salud, otros al sector educativo y es un trabajo pues multidisciplinario.<\/p>\n<p>Es un trabajo que definitivamente no van a poder lograr erradicar inclusive ni los objetivos de la agenda 2030, porque creo que esto obliga a todas las personas, desde el \u00e1mbito social y cultural, a establecer una cultura de la educaci\u00f3n integral en sexualidad, que es uno de los temas que se tienen que hablar en la casa, en la escuela y que acercarse a las instituciones o los espacios que tienen la informaci\u00f3n de primera mano para evitar desvirtuar o el no darles el acceso al derecho a las adolescencias a sus derechos sexuales y reproductivos.<\/p>\n<p>Finalmente dio a conocer que con los cambios de administraci\u00f3n van a capacitar e informar que deben de tener las autoridades que dan esta atenci\u00f3n de manera primaria, el que es un derecho en que en Veracruz ya no es un delito como tal, ya est\u00e1 despenalizado y que se deben de acercar a los servicios de salud amigables y a los servicios de salud que dotan de este acceso y que cuando no sea as\u00ed tambi\u00e9n se los hagan saber para obligar ahora a las autoridades a que cumplan.<\/p>\n","protected":false},"excerpt":{"rendered":"<p>* Exhortan a ni\u00f1as y mujeres v\u00edctimas de abusos a presentar denuncias. Dar\u00edo Pale Xalapa, Ver.- Zaira Fabiola Del Toro Olivares directora del Instituto Veracruzano de las Mujeres (IVM), pidi\u00f3 a las mujeres, ni\u00f1as y adolescentes que no desistan de sus procesos, que sepan que las instituciones tienen la obligaci\u00f3n de garantizar este acceso a [&hellip;]<\/p>\n","protected":false},"author":2476,"featured_media":69057,"comment_status":"open","ping_status":"open","sticky":false,"template":"","format":"standard","meta":{"_jetpack_memberships_contains_paid_content":false,"footnotes":""},"categories":[2],"tags":[],"class_list":["post-69056","post","type-post","status-publish","format-standard","has-post-thumbnail","hentry","category-estado"],"jetpack_featured_media_url":"https:\/\/encuentroinformativo.com.mx\/wp-content\/uploads\/2025\/07\/IMG-20250703-WA01262.jpg","jetpack_sharing_enabled":true,"jetpack_likes_enabled":true,"amp_enabled":true,"_links":{"self":[{"href":"https:\/\/encuentroinformativo.com.mx\/index.php?rest_route=\/wp\/v2\/posts\/69056","targetHints":{"allow":["GET"]}}],"collection":[{"href":"https:\/\/encuentroinformativo.com.mx\/index.php?rest_route=\/wp\/v2\/posts"}],"about":[{"href":"https:\/\/encuentroinformativo.com.mx\/index.php?rest_route=\/wp\/v2\/types\/post"}],"author":[{"embeddable":true,"href":"https:\/\/encuentroinformativo.com.mx\/index.php?rest_route=\/wp\/v2\/users\/2476"}],"replies":[{"embeddable":true,"href":"https:\/\/encuentroinformativo.com.mx\/index.php?rest_route=%2Fwp%2Fv2%2Fcomments&post=69056"}],"version-history":[{"count":2,"href":"https:\/\/encuentroinformativo.com.mx\/index.php?rest_route=\/wp\/v2\/posts\/69056\/revisions"}],"predecessor-version":[{"id":69059,"href":"https:\/\/encuentroinformativo.com.mx\/index.php?rest_route=\/wp\/v2\/posts\/69056\/revisions\/69059"}],"wp:featuredmedia":[{"embeddable":true,"href":"https:\/\/encuentroinformativo.com.mx\/index.php?rest_route=\/wp\/v2\/media\/69057"}],"wp:attachment":[{"href":"https:\/\/encuentroinformativo.com.mx\/index.php?rest_route=%2Fwp%2Fv2%2Fmedia&parent=69056"}],"wp:term":[{"taxonomy":"category","embeddable":true,"href":"https:\/\/encuentroinformativo.com.mx\/index.php?rest_route=%2Fwp%2Fv2%2Fcategories&post=69056"},{"taxonomy":"post_tag","embeddable":true,"href":"https:\/\/encuentroinformativo.com.mx\/index.php?rest_route=%2Fwp%2Fv2%2Ftags&post=69056"}],"curies":[{"name":"wp","href":"https:\/\/api.w.org\/{rel}","templated":true}]}}