{"id":69073,"date":"2025-07-04T11:14:14","date_gmt":"2025-07-04T17:14:14","guid":{"rendered":"https:\/\/encuentroinformativo.com.mx\/?p=69073"},"modified":"2025-07-04T11:14:14","modified_gmt":"2025-07-04T17:14:14","slug":"confia-pvem-que-alcaldes-electos-no-cambien-de-siglas-edgar-herrera","status":"publish","type":"post","link":"https:\/\/encuentroinformativo.com.mx\/?p=69073","title":{"rendered":"Conf\u00eda PVEM que alcaldes electos no cambien de siglas: Edgar Herrera\u00a0"},"content":{"rendered":"<p><strong>Alejandro \u00c1vila<\/strong><\/p>\n<p>Veracruz, Ver.- Los alcaldes electos que ganaron sus municipios respaldados por el Partido Verde, no cambiar\u00e1n de siglas pol\u00edticas como han hecho otros que se sumaron ya a Morena, asegur\u00f3 Edgar Herrera Lendechy, presidente del Ecologista en Veracruz.<\/p>\n<p>El novel dirigente mencion\u00f3 que ha tenido contacto con todos ellos y le han asegurado continuar\u00e1n bajo la ideolog\u00eda del Verde Ecologista, al tiempo que se\u00f1al\u00f3 se reunir\u00e1n a mediados de este mes para estructurar los trabajos en sus respectivos municipios para el beneficio de los veracruzanos.<\/p>\n<p>&#8220;Lo que platicamos con la dirigencia de Morena es que nuestros candidatos y nuestros presidentes se van a mantener en el partido, que vamos a trabajar como aliados pero que vamos a construir una plataforma Verde pero con el ideal de la Cuarta Transformaci\u00f3n, que esa fue a la coalici\u00f3n donde nosotros nos metimos. Hasta el momento no hemos tenido nosotros noticias de que quieran a nuestros candidatos electos, que los quieran cambiar de partido, en ese sentido he platicado bien con la dirigencia y vamos a respetarnos mutuamente, no vamos a hacer esos cambios. Ojo, otros partidos o de otras expresiones pol\u00edticas que quieran sumarse al movimiento transformador pues habr\u00e1 que analizarlo y platicarlo de cierta forma, yo soy una persona leal, soy una persona de valores y no me gusta jugar sucio y tambi\u00e9n espero lo mismo de los aliados&#8221;, sentenci\u00f3.<\/p>\n<p>Cabe mencionar que, el candidato independiente y el candidato del PAN, que ganaron sus elecciones en Zaragoza y en Chumatl\u00e1n, respectivamente, ya se unieron formalmente al partido Morena; al tiempo que el diputado local del PT, Ram\u00f3n \u00c1vila, anunci\u00f3 que Morena ha estado intentando persuadir a sus alcaldes y ediles electos para que se sumen a ellos.<\/p>\n","protected":false},"excerpt":{"rendered":"<p>Alejandro \u00c1vila Veracruz, Ver.- Los alcaldes electos que ganaron sus municipios respaldados por el Partido Verde, no cambiar\u00e1n de siglas pol\u00edticas como han hecho otros que se sumaron ya a Morena, asegur\u00f3 Edgar Herrera Lendechy, presidente del Ecologista en Veracruz. El novel dirigente mencion\u00f3 que ha tenido contacto con todos ellos y le han asegurado [&hellip;]<\/p>\n","protected":false},"author":2476,"featured_media":69074,"comment_status":"open","ping_status":"open","sticky":false,"template":"","format":"standard","meta":{"_jetpack_memberships_contains_paid_content":false,"footnotes":""},"categories":[2],"tags":[],"class_list":["post-69073","post","type-post","status-publish","format-standard","has-post-thumbnail","hentry","category-estado"],"jetpack_featured_media_url":"https:\/\/encuentroinformativo.com.mx\/wp-content\/uploads\/2025\/07\/IMG-20250704-WA0188-scaled.jpg","jetpack_sharing_enabled":true,"jetpack_likes_enabled":true,"amp_enabled":true,"_links":{"self":[{"href":"https:\/\/encuentroinformativo.com.mx\/index.php?rest_route=\/wp\/v2\/posts\/69073","targetHints":{"allow":["GET"]}}],"collection":[{"href":"https:\/\/encuentroinformativo.com.mx\/index.php?rest_route=\/wp\/v2\/posts"}],"about":[{"href":"https:\/\/encuentroinformativo.com.mx\/index.php?rest_route=\/wp\/v2\/types\/post"}],"author":[{"embeddable":true,"href":"https:\/\/encuentroinformativo.com.mx\/index.php?rest_route=\/wp\/v2\/users\/2476"}],"replies":[{"embeddable":true,"href":"https:\/\/encuentroinformativo.com.mx\/index.php?rest_route=%2Fwp%2Fv2%2Fcomments&post=69073"}],"version-history":[{"count":1,"href":"https:\/\/encuentroinformativo.com.mx\/index.php?rest_route=\/wp\/v2\/posts\/69073\/revisions"}],"predecessor-version":[{"id":69075,"href":"https:\/\/encuentroinformativo.com.mx\/index.php?rest_route=\/wp\/v2\/posts\/69073\/revisions\/69075"}],"wp:featuredmedia":[{"embeddable":true,"href":"https:\/\/encuentroinformativo.com.mx\/index.php?rest_route=\/wp\/v2\/media\/69074"}],"wp:attachment":[{"href":"https:\/\/encuentroinformativo.com.mx\/index.php?rest_route=%2Fwp%2Fv2%2Fmedia&parent=69073"}],"wp:term":[{"taxonomy":"category","embeddable":true,"href":"https:\/\/encuentroinformativo.com.mx\/index.php?rest_route=%2Fwp%2Fv2%2Fcategories&post=69073"},{"taxonomy":"post_tag","embeddable":true,"href":"https:\/\/encuentroinformativo.com.mx\/index.php?rest_route=%2Fwp%2Fv2%2Ftags&post=69073"}],"curies":[{"name":"wp","href":"https:\/\/api.w.org\/{rel}","templated":true}]}}