{"id":69092,"date":"2025-07-04T14:23:59","date_gmt":"2025-07-04T20:23:59","guid":{"rendered":"https:\/\/encuentroinformativo.com.mx\/?p=69092"},"modified":"2025-07-04T14:23:59","modified_gmt":"2025-07-04T20:23:59","slug":"carlos-macias-en-veracruz-y-trae-de-invitada-a-sally-g","status":"publish","type":"post","link":"https:\/\/encuentroinformativo.com.mx\/?p=69092","title":{"rendered":"Carlos Mac\u00edas en Veracruz y trae de invitada a Sally G"},"content":{"rendered":"<p><strong>Alejandro \u00c1vila<\/strong><\/p>\n<p>Veracruz, Ver.- El cantautor de la d\u00e9cada, Carlos Mac\u00edas, regresa a tierras veracruzanas para presentar su nuevo tour \u201cRenacer\u201d que incluye sus m\u00e1s sonados \u00e9xitos como Divina t\u00fa\u201d, \u201cAmarte As\u00ed\u201d y muchos m\u00e1s.<\/p>\n<p>El maestro Carlos Mac\u00edas se presentar\u00e1 el viernes 8 de agosto en el Foro Boca y el s\u00e1bado 9 de agosto en el Gimnasio Nido del Halc\u00f3n en Xalapa.<\/p>\n<p>Estar\u00e1 acompa\u00f1ado de la cantante cubana Sally G, quien entonar\u00e1 lo mejor de su repertorio, incluyendo su reciente lanzamiento \u201cMi\u00e9nteme\u201d, de su actual producci\u00f3n \u201cLlegu\u00e9 sin permiso\u201d.<\/p>\n<p>La cita es a las 20:00 horas el viernes 8 de agosto en Foro Boca y s\u00e1bado 9 de agosto en el Gimnasio Nido del Halc\u00f3n; boletos en la plataforma de Ticket City.<\/p>\n","protected":false},"excerpt":{"rendered":"<p>Alejandro \u00c1vila Veracruz, Ver.- El cantautor de la d\u00e9cada, Carlos Mac\u00edas, regresa a tierras veracruzanas para presentar su nuevo tour \u201cRenacer\u201d que incluye sus m\u00e1s sonados \u00e9xitos como Divina t\u00fa\u201d, \u201cAmarte As\u00ed\u201d y muchos m\u00e1s. El maestro Carlos Mac\u00edas se presentar\u00e1 el viernes 8 de agosto en el Foro Boca y el s\u00e1bado 9 de [&hellip;]<\/p>\n","protected":false},"author":2476,"featured_media":69093,"comment_status":"open","ping_status":"open","sticky":false,"template":"","format":"standard","meta":{"_jetpack_memberships_contains_paid_content":false,"footnotes":""},"categories":[2],"tags":[],"class_list":["post-69092","post","type-post","status-publish","format-standard","has-post-thumbnail","hentry","category-estado"],"jetpack_featured_media_url":"https:\/\/encuentroinformativo.com.mx\/wp-content\/uploads\/2025\/07\/IMG-20250704-WA02302.jpg","jetpack_sharing_enabled":true,"jetpack_likes_enabled":true,"amp_enabled":true,"_links":{"self":[{"href":"https:\/\/encuentroinformativo.com.mx\/index.php?rest_route=\/wp\/v2\/posts\/69092","targetHints":{"allow":["GET"]}}],"collection":[{"href":"https:\/\/encuentroinformativo.com.mx\/index.php?rest_route=\/wp\/v2\/posts"}],"about":[{"href":"https:\/\/encuentroinformativo.com.mx\/index.php?rest_route=\/wp\/v2\/types\/post"}],"author":[{"embeddable":true,"href":"https:\/\/encuentroinformativo.com.mx\/index.php?rest_route=\/wp\/v2\/users\/2476"}],"replies":[{"embeddable":true,"href":"https:\/\/encuentroinformativo.com.mx\/index.php?rest_route=%2Fwp%2Fv2%2Fcomments&post=69092"}],"version-history":[{"count":1,"href":"https:\/\/encuentroinformativo.com.mx\/index.php?rest_route=\/wp\/v2\/posts\/69092\/revisions"}],"predecessor-version":[{"id":69094,"href":"https:\/\/encuentroinformativo.com.mx\/index.php?rest_route=\/wp\/v2\/posts\/69092\/revisions\/69094"}],"wp:featuredmedia":[{"embeddable":true,"href":"https:\/\/encuentroinformativo.com.mx\/index.php?rest_route=\/wp\/v2\/media\/69093"}],"wp:attachment":[{"href":"https:\/\/encuentroinformativo.com.mx\/index.php?rest_route=%2Fwp%2Fv2%2Fmedia&parent=69092"}],"wp:term":[{"taxonomy":"category","embeddable":true,"href":"https:\/\/encuentroinformativo.com.mx\/index.php?rest_route=%2Fwp%2Fv2%2Fcategories&post=69092"},{"taxonomy":"post_tag","embeddable":true,"href":"https:\/\/encuentroinformativo.com.mx\/index.php?rest_route=%2Fwp%2Fv2%2Ftags&post=69092"}],"curies":[{"name":"wp","href":"https:\/\/api.w.org\/{rel}","templated":true}]}}