{"id":69095,"date":"2025-07-04T14:29:42","date_gmt":"2025-07-04T20:29:42","guid":{"rendered":"https:\/\/encuentroinformativo.com.mx\/?p=69095"},"modified":"2025-07-04T14:29:42","modified_gmt":"2025-07-04T20:29:42","slug":"migrantes-retornaban-a-hidalgotitlan-pierden-la-vida-en-accidente-en-tuxpan","status":"publish","type":"post","link":"https:\/\/encuentroinformativo.com.mx\/?p=69095","title":{"rendered":"Migrantes retornaban a Hidalgotitl\u00e1n pierden la vida en accidente en Tuxpan"},"content":{"rendered":"<p><strong>Alejandro \u00c1vila<\/strong><\/p>\n<p>Tuxpan, Ver.- Un grupo de migrantes del municipio de Hidalgotitl\u00e1n sufri\u00f3 un aparatoso accidente la madrugada de este viernes 4 de julio en el municipio de Tuxpan, el cual dej\u00f3 un saldo de dos personas fallecidas y seis lesionados de gravedad.<\/p>\n<p>Los hechos ocurrieron sobre la autopista Tuxpan &#8211; Tampico a la altura del tramo Los Gil &#8211; Boca del Monte cuando un cami\u00f3n de carga tipo caja cerrada, que circulaba con direcci\u00f3n al sur, invadi\u00f3 presuntamente el carril contrario y se impact\u00f3 de frente contra una camioneta Ford Transit blanca, con placas SXZ123A, en la que viajaban al menos ocho personas provenientes de Nuevo Le\u00f3n y con destino a su hogar en Hidalgotitl\u00e1n.<\/p>\n<p>Tras el impacto, dos de los pasajeros fallecieron en el lugar, mientras que otros seis resultaron heridos, incluyendo el conductor del tr\u00e1iler, quien qued\u00f3 prensado entre los fierros retorcidos de su unidad. Todos los lesionados fueron trasladados de inmediato a hospitales de la regi\u00f3n para recibir atenci\u00f3n m\u00e9dica urgente.<\/p>\n<p>Las v\u00edctimas fatales fueron identificadas como originarias del municipio de Hidalgotitl\u00e1n, al sur del estado de Veracruz; Qui\u00e9nes ven\u00edan procedentes del estado de Georgia en los Estados Unidos, a donde se hab\u00edan ido a trabajar meses antes.<\/p>\n<p>Elementos de la Guardia Nacional, divisi\u00f3n Carreteras, acudieron al sitio para tomar conocimiento de los hechos, las unidades involucradas fueron remolcadas al corral\u00f3n.<\/p>\n","protected":false},"excerpt":{"rendered":"<p>Alejandro \u00c1vila Tuxpan, Ver.- Un grupo de migrantes del municipio de Hidalgotitl\u00e1n sufri\u00f3 un aparatoso accidente la madrugada de este viernes 4 de julio en el municipio de Tuxpan, el cual dej\u00f3 un saldo de dos personas fallecidas y seis lesionados de gravedad. Los hechos ocurrieron sobre la autopista Tuxpan &#8211; Tampico a la altura [&hellip;]<\/p>\n","protected":false},"author":2476,"featured_media":69096,"comment_status":"open","ping_status":"open","sticky":false,"template":"","format":"standard","meta":{"_jetpack_memberships_contains_paid_content":false,"footnotes":""},"categories":[2],"tags":[],"class_list":["post-69095","post","type-post","status-publish","format-standard","has-post-thumbnail","hentry","category-estado"],"jetpack_featured_media_url":"https:\/\/encuentroinformativo.com.mx\/wp-content\/uploads\/2025\/07\/IMG-20250704-WA02062.jpg","jetpack_sharing_enabled":true,"jetpack_likes_enabled":true,"amp_enabled":true,"_links":{"self":[{"href":"https:\/\/encuentroinformativo.com.mx\/index.php?rest_route=\/wp\/v2\/posts\/69095","targetHints":{"allow":["GET"]}}],"collection":[{"href":"https:\/\/encuentroinformativo.com.mx\/index.php?rest_route=\/wp\/v2\/posts"}],"about":[{"href":"https:\/\/encuentroinformativo.com.mx\/index.php?rest_route=\/wp\/v2\/types\/post"}],"author":[{"embeddable":true,"href":"https:\/\/encuentroinformativo.com.mx\/index.php?rest_route=\/wp\/v2\/users\/2476"}],"replies":[{"embeddable":true,"href":"https:\/\/encuentroinformativo.com.mx\/index.php?rest_route=%2Fwp%2Fv2%2Fcomments&post=69095"}],"version-history":[{"count":1,"href":"https:\/\/encuentroinformativo.com.mx\/index.php?rest_route=\/wp\/v2\/posts\/69095\/revisions"}],"predecessor-version":[{"id":69097,"href":"https:\/\/encuentroinformativo.com.mx\/index.php?rest_route=\/wp\/v2\/posts\/69095\/revisions\/69097"}],"wp:featuredmedia":[{"embeddable":true,"href":"https:\/\/encuentroinformativo.com.mx\/index.php?rest_route=\/wp\/v2\/media\/69096"}],"wp:attachment":[{"href":"https:\/\/encuentroinformativo.com.mx\/index.php?rest_route=%2Fwp%2Fv2%2Fmedia&parent=69095"}],"wp:term":[{"taxonomy":"category","embeddable":true,"href":"https:\/\/encuentroinformativo.com.mx\/index.php?rest_route=%2Fwp%2Fv2%2Fcategories&post=69095"},{"taxonomy":"post_tag","embeddable":true,"href":"https:\/\/encuentroinformativo.com.mx\/index.php?rest_route=%2Fwp%2Fv2%2Ftags&post=69095"}],"curies":[{"name":"wp","href":"https:\/\/api.w.org\/{rel}","templated":true}]}}