{"id":69098,"date":"2025-07-04T15:08:17","date_gmt":"2025-07-04T21:08:17","guid":{"rendered":"https:\/\/encuentroinformativo.com.mx\/?p=69098"},"modified":"2025-07-04T15:08:17","modified_gmt":"2025-07-04T21:08:17","slug":"mito-que-con-canicula-deja-de-llover-conagua","status":"publish","type":"post","link":"https:\/\/encuentroinformativo.com.mx\/?p=69098","title":{"rendered":"Mito que con can\u00edcula deja de llover: CONAGUA"},"content":{"rendered":"<p><strong>Dar\u00edo Pale<\/strong><\/p>\n<p>Xalapa, Ver.- La can\u00edcula no inici\u00f3 este 3 de julio, hay mitos y realidades, falso que con la can\u00edcula deja de llover, puede haber lluvias dentro de ese periodo, no tiene que ver con los 40 d\u00edas m\u00e1s c\u00e1lidos del a\u00f1o, estad\u00edsticamente en Veracruz los d\u00edas con temperaturas m\u00e1s altas son abril y mayo.<\/p>\n<p>La jefa del departamento de Hidrometeorolog\u00eda de la Comisi\u00f3n Nacional del Agua (CONAGUA), Jessica Luna, defini\u00f3 que la can\u00edcula no inici\u00f3 este 3 de julio como se difundi\u00f3 y por ello, dio a conocer varios mitos y realidades del fen\u00f3meno.<\/p>\n<p>Se\u00f1al\u00f3 que uno de los mitos es que es un periodo que dura 40 d\u00edas, que son los d\u00edas m\u00e1s calurosos de todo el a\u00f1o, lo cual es totalmente falso, hay varias definiciones de la can\u00edcula, dependiendo de los pa\u00edses, por ejemplo, en Espa\u00f1a, ahorita s\u00ed hay un ambiente muy caluroso, pero en M\u00e9xico la can\u00edcula no tiene nada que ver con las temperaturas.<\/p>\n<p>\u201cEs m\u00e1s bien una disminuci\u00f3n de las precipitaciones dentro del periodo de lluvias que, principalmente se da entre los meses de julio y agosto, es muy variable, \u00bfc\u00f3mo saber que estamos en la can\u00edcula?, pues hay que esperar el an\u00e1lisis, checar si se tiene una disminuci\u00f3n de las precipitaciones\u201d, explic\u00f3.<\/p>\n<p>Adem\u00e1s, aclar\u00f3 que tampoco se puede saber si ser\u00e1 una can\u00edcula muy intensa o d\u00e9bil, porque insisti\u00f3, todo depende de la disminuci\u00f3n de las precipitaciones.<\/p>\n<p>Otro de los mitos es que con la can\u00edcula deja de llover, lo cual es totalmente falso, ya que puede haber lluvias dentro de ese periodo.<\/p>\n<p>Mencion\u00f3 que en M\u00e9xico la can\u00edcula no se presenta en todos los estados, pero s\u00ed en Veracruz y del territorio veracruzano, esto se presenta m\u00e1s en las zonas centro y norte y, \u00faltimamente m\u00e1s hacia la zona norte.<\/p>\n<p>\u201cPero esto tambi\u00e9n va a depender de los sistemas meteorol\u00f3gicos que se est\u00e9n presentando durante estos meses. En resumen, la can\u00edcula s\u00ed existe, pero no tiene que ver con los 40 d\u00edas m\u00e1s c\u00e1lidos del a\u00f1o, estad\u00edsticamente en Veracruz, los d\u00edas con temperaturas m\u00e1s altas son abril y mayo\u201d, se\u00f1al\u00f3.<\/p>\n<p>\u201cOtro par\u00e1metro importante en la can\u00edcula es la humedad, por ejemplo, en verano, la humedad es mucho m\u00e1s alta y al combinarse con temperaturas elevadas, esto hace que la sensaci\u00f3n t\u00e9rmica aumente y, entonces, sentimos un disconfort en nuestro cuerpo, sentimos mucho m\u00e1s calor y por eso decimos que son las temperaturas m\u00e1s altas, pero no lo son\u201d, agreg\u00f3.<\/p>\n<p>Dijo que antes, los abuelos dec\u00edan que la can\u00edcula era muy mala porque el sol no permitir\u00eda curar las heridas o que saldr\u00eda sangre de la nariz, al respecto, defini\u00f3 que se debe tener cuidado cuando hay una herida, pero no por el sol, sino por la humedad, lo que puede generar sudor y al haber una herida, por ende, se pueden generar bacterias y que una herida no cicatrice tan f\u00e1cilmente.<\/p>\n<p>Por \u00faltimo Jessica Luna expres\u00f3 que hasta este momento el Servicio Meteorol\u00f3gico Nacional no ha definido el inicio de la can\u00edcula, ya que apenas est\u00e1 observando si se presentar\u00e1 en pr\u00f3ximas fechas, entonces con base en los pron\u00f3sticos de lluvias, por all\u00e1 del 15 de abril, podr\u00edan saber si se presentar\u00e1 la can\u00edcula, toda vez que se espera que haya una disminuci\u00f3n de las precipitaciones pluviales.<\/p>\n","protected":false},"excerpt":{"rendered":"<p>Dar\u00edo Pale Xalapa, Ver.- La can\u00edcula no inici\u00f3 este 3 de julio, hay mitos y realidades, falso que con la can\u00edcula deja de llover, puede haber lluvias dentro de ese periodo, no tiene que ver con los 40 d\u00edas m\u00e1s c\u00e1lidos del a\u00f1o, estad\u00edsticamente en Veracruz los d\u00edas con temperaturas m\u00e1s altas son abril y [&hellip;]<\/p>\n","protected":false},"author":2476,"featured_media":69099,"comment_status":"open","ping_status":"open","sticky":false,"template":"","format":"standard","meta":{"_jetpack_memberships_contains_paid_content":false,"footnotes":""},"categories":[2],"tags":[],"class_list":["post-69098","post","type-post","status-publish","format-standard","has-post-thumbnail","hentry","category-estado"],"jetpack_featured_media_url":"https:\/\/encuentroinformativo.com.mx\/wp-content\/uploads\/2025\/07\/IMG-20250704-WA03792.jpg","jetpack_sharing_enabled":true,"jetpack_likes_enabled":true,"amp_enabled":true,"_links":{"self":[{"href":"https:\/\/encuentroinformativo.com.mx\/index.php?rest_route=\/wp\/v2\/posts\/69098","targetHints":{"allow":["GET"]}}],"collection":[{"href":"https:\/\/encuentroinformativo.com.mx\/index.php?rest_route=\/wp\/v2\/posts"}],"about":[{"href":"https:\/\/encuentroinformativo.com.mx\/index.php?rest_route=\/wp\/v2\/types\/post"}],"author":[{"embeddable":true,"href":"https:\/\/encuentroinformativo.com.mx\/index.php?rest_route=\/wp\/v2\/users\/2476"}],"replies":[{"embeddable":true,"href":"https:\/\/encuentroinformativo.com.mx\/index.php?rest_route=%2Fwp%2Fv2%2Fcomments&post=69098"}],"version-history":[{"count":1,"href":"https:\/\/encuentroinformativo.com.mx\/index.php?rest_route=\/wp\/v2\/posts\/69098\/revisions"}],"predecessor-version":[{"id":69100,"href":"https:\/\/encuentroinformativo.com.mx\/index.php?rest_route=\/wp\/v2\/posts\/69098\/revisions\/69100"}],"wp:featuredmedia":[{"embeddable":true,"href":"https:\/\/encuentroinformativo.com.mx\/index.php?rest_route=\/wp\/v2\/media\/69099"}],"wp:attachment":[{"href":"https:\/\/encuentroinformativo.com.mx\/index.php?rest_route=%2Fwp%2Fv2%2Fmedia&parent=69098"}],"wp:term":[{"taxonomy":"category","embeddable":true,"href":"https:\/\/encuentroinformativo.com.mx\/index.php?rest_route=%2Fwp%2Fv2%2Fcategories&post=69098"},{"taxonomy":"post_tag","embeddable":true,"href":"https:\/\/encuentroinformativo.com.mx\/index.php?rest_route=%2Fwp%2Fv2%2Ftags&post=69098"}],"curies":[{"name":"wp","href":"https:\/\/api.w.org\/{rel}","templated":true}]}}