{"id":69114,"date":"2025-07-05T16:06:11","date_gmt":"2025-07-05T22:06:11","guid":{"rendered":"https:\/\/encuentroinformativo.com.mx\/?p=69114"},"modified":"2025-07-05T16:06:11","modified_gmt":"2025-07-05T22:06:11","slug":"localizan-a-jovenes-antorchistas-desaparecidos-en-veracruz","status":"publish","type":"post","link":"https:\/\/encuentroinformativo.com.mx\/?p=69114","title":{"rendered":"Localizan a j\u00f3venes antorchistas desaparecidos en Veracruz"},"content":{"rendered":"<p><strong>Dar\u00edo Pale<\/strong><\/p>\n<p>Xalapa, Ver.- Juventino Navarrete Xilitla dirigente del Movimiento Antorchista en la regi\u00f3n centro del estado dio a conocer que se iban a manifestar para solicitar a la gobernadora Norma Roc\u00edo Nahle Garc\u00eda y a la Fiscal\u00eda General del Estado (FGE), su intervenci\u00f3n para que aparezcan sus compa\u00f1eros que desaparecieron hace dos d\u00edas.<\/p>\n<p>Dieron a conocer que desaparecieron hace dos d\u00edas despu\u00e9s de un tr\u00e1mite que realizaron en Veracruz en la delegaci\u00f3n de la Fiscal\u00eda General de la Rep\u00fablica en Veracruz y despu\u00e9s de que salieron sus compa\u00f1eros perdieron contacto con ellos y es la hora en que no tienen comunicaci\u00f3n con ellos\u201d, se\u00f1al\u00f3.<\/p>\n<p>\u201cHemos ido a preguntar si est\u00e1n detenidos o algo por el estilo y no tenemos informaci\u00f3n, por eso cre\u00edmos necesario el d\u00eda de hoy aglutinarnos en esta plaza y realizar una manifestaci\u00f3n como ya lo comentaba para solicitar la intervenci\u00f3n de las autoridades para que pronto los podamos encontrar\u201d, agreg\u00f3.<\/p>\n<p>Dijo que los cinco son Rub\u00e9n Garc\u00eda Ortega, Cira Victoriano F\u00e9lix, Federico Garc\u00eda Bonilla, Hugo Garc\u00eda Ortega, \u00c1ngel Torres Hern\u00e1ndez.<\/p>\n<p>Posteriormente desistieron de realizar la manifestaci\u00f3n ya que fueron notificados que ya hab\u00edan sido localizados.<\/p>\n<p>Mediante un comunicado el Comit\u00e9 Estatal del Movimiento Antorchista en Puebla dio a conocer que encontraron en Veracruz a los antorchistas.<\/p>\n<p>\u201cHace unos momentos, los dos activistas del Movimiento Antorchista y sus familiares fueron encontrados en Veracruz sanos y salvos, agradecemos a todos los antorchistas a nivel nacional, especialmente a los aguerridos veracruzanos, as\u00ed como a todos los mexicanos que nos ayudaron a difundir en redes sociales la desaparici\u00f3n de estas personas.<\/p>\n<p>Tambi\u00e9n agradecemos a las autoridades que nos ayudaron a localizarlos, \u00a1Muchas gracias a todos! \u00a1La unidad y la fuerza nos hacen invencibles!\u201d<\/p>\n<p>Finaliza el comunicado.<\/p>\n","protected":false},"excerpt":{"rendered":"<p>Dar\u00edo Pale Xalapa, Ver.- Juventino Navarrete Xilitla dirigente del Movimiento Antorchista en la regi\u00f3n centro del estado dio a conocer que se iban a manifestar para solicitar a la gobernadora Norma Roc\u00edo Nahle Garc\u00eda y a la Fiscal\u00eda General del Estado (FGE), su intervenci\u00f3n para que aparezcan sus compa\u00f1eros que desaparecieron hace dos d\u00edas. Dieron [&hellip;]<\/p>\n","protected":false},"author":2476,"featured_media":69115,"comment_status":"open","ping_status":"open","sticky":false,"template":"","format":"standard","meta":{"_jetpack_memberships_contains_paid_content":false,"footnotes":""},"categories":[2],"tags":[],"class_list":["post-69114","post","type-post","status-publish","format-standard","has-post-thumbnail","hentry","category-estado"],"jetpack_featured_media_url":"https:\/\/encuentroinformativo.com.mx\/wp-content\/uploads\/2025\/07\/IMG-20250705-WA0153.jpg","jetpack_sharing_enabled":true,"jetpack_likes_enabled":true,"amp_enabled":true,"_links":{"self":[{"href":"https:\/\/encuentroinformativo.com.mx\/index.php?rest_route=\/wp\/v2\/posts\/69114","targetHints":{"allow":["GET"]}}],"collection":[{"href":"https:\/\/encuentroinformativo.com.mx\/index.php?rest_route=\/wp\/v2\/posts"}],"about":[{"href":"https:\/\/encuentroinformativo.com.mx\/index.php?rest_route=\/wp\/v2\/types\/post"}],"author":[{"embeddable":true,"href":"https:\/\/encuentroinformativo.com.mx\/index.php?rest_route=\/wp\/v2\/users\/2476"}],"replies":[{"embeddable":true,"href":"https:\/\/encuentroinformativo.com.mx\/index.php?rest_route=%2Fwp%2Fv2%2Fcomments&post=69114"}],"version-history":[{"count":1,"href":"https:\/\/encuentroinformativo.com.mx\/index.php?rest_route=\/wp\/v2\/posts\/69114\/revisions"}],"predecessor-version":[{"id":69116,"href":"https:\/\/encuentroinformativo.com.mx\/index.php?rest_route=\/wp\/v2\/posts\/69114\/revisions\/69116"}],"wp:featuredmedia":[{"embeddable":true,"href":"https:\/\/encuentroinformativo.com.mx\/index.php?rest_route=\/wp\/v2\/media\/69115"}],"wp:attachment":[{"href":"https:\/\/encuentroinformativo.com.mx\/index.php?rest_route=%2Fwp%2Fv2%2Fmedia&parent=69114"}],"wp:term":[{"taxonomy":"category","embeddable":true,"href":"https:\/\/encuentroinformativo.com.mx\/index.php?rest_route=%2Fwp%2Fv2%2Fcategories&post=69114"},{"taxonomy":"post_tag","embeddable":true,"href":"https:\/\/encuentroinformativo.com.mx\/index.php?rest_route=%2Fwp%2Fv2%2Ftags&post=69114"}],"curies":[{"name":"wp","href":"https:\/\/api.w.org\/{rel}","templated":true}]}}