{"id":69117,"date":"2025-07-05T16:10:38","date_gmt":"2025-07-05T22:10:38","guid":{"rendered":"https:\/\/encuentroinformativo.com.mx\/?p=69117"},"modified":"2025-07-05T16:10:38","modified_gmt":"2025-07-05T22:10:38","slug":"con-unidad-movil-promueve-dif-jornadas-medicas-en-zonas-de-la-periferia","status":"publish","type":"post","link":"https:\/\/encuentroinformativo.com.mx\/?p=69117","title":{"rendered":"Con unidad m\u00f3vil, promueve DIF jornadas m\u00e9dicas en zonas de la periferia"},"content":{"rendered":"<p><strong>Dar\u00edo Pale<\/strong><\/p>\n<p>Xalapa, Ver.- El director del DIF municipal de Xalapa Alejandro del \u00c1ngel Aguilar, dio a conocer que, est\u00e1n llevando salud gratuita a las zonas m\u00e1s alejadas con unidad m\u00e9dica m\u00f3vil.<\/p>\n<p>Explic\u00f3 que esta unidad, que comenz\u00f3 a operar en septiembre de 2024, ha permitido realizar jornadas constantes de salud en diversas colonias y comunidades, beneficiando a cientos de personas que carecen de acceso a servicios m\u00e9dicos gratuitos.<\/p>\n<p>La unidad m\u00f3vil de servicios m\u00e9dicos del DIF Municipal de Xalapa mantiene una intensa agenda de trabajo para acercar atenci\u00f3n m\u00e9dica y odontol\u00f3gica a las familias que habitan en las zonas m\u00e1s apartadas de la ciudad.<\/p>\n<p>\u201cTiene capacidad de servicio m\u00e9dico y odontol\u00f3gico; esta unidad est\u00e1 funcionando muy bien, de manera muy activa\u201d, se\u00f1al\u00f3.<\/p>\n<p>Del \u00c1ngel Aguilar detall\u00f3 que dichas jornadas se programan conforme a diagn\u00f3sticos sociales y de salud en las diferentes zonas de la ciudad, aunque en caso de alguna contingencia, como durante la actual temporada de lluvias, la unidad podr\u00eda ser trasladada de manera emergente a las \u00e1reas que lo requieran.<\/p>\n<p>Entre las colonias y comunidades atendidas destacan Las Minas, El Olmo, Prolongaci\u00f3n del Olmo, El Moral, Chiltoyac, 6 de Enero y El Tronconal, donde convergen diversos servicios del DIF Municipal.<\/p>\n<p>Finalmente dio a conocer que la unidad m\u00f3vil m\u00e9dica tuvo un costo de 2 millones 143 mil pesos, inversi\u00f3n realizada durante la administraci\u00f3n del alcalde Ricardo Ahued Bardahuil, con el objetivo de brindar atenci\u00f3n directa y gratuita a personas con escasos recursos.<\/p>\n","protected":false},"excerpt":{"rendered":"<p>Dar\u00edo Pale Xalapa, Ver.- El director del DIF municipal de Xalapa Alejandro del \u00c1ngel Aguilar, dio a conocer que, est\u00e1n llevando salud gratuita a las zonas m\u00e1s alejadas con unidad m\u00e9dica m\u00f3vil. Explic\u00f3 que esta unidad, que comenz\u00f3 a operar en septiembre de 2024, ha permitido realizar jornadas constantes de salud en diversas colonias y [&hellip;]<\/p>\n","protected":false},"author":2476,"featured_media":69118,"comment_status":"open","ping_status":"open","sticky":false,"template":"","format":"standard","meta":{"_jetpack_memberships_contains_paid_content":false,"footnotes":""},"categories":[3],"tags":[],"class_list":["post-69117","post","type-post","status-publish","format-standard","has-post-thumbnail","hentry","category-xalapa"],"jetpack_featured_media_url":"https:\/\/encuentroinformativo.com.mx\/wp-content\/uploads\/2025\/07\/IMG-20250705-WA0162.jpg","jetpack_sharing_enabled":true,"jetpack_likes_enabled":true,"amp_enabled":true,"_links":{"self":[{"href":"https:\/\/encuentroinformativo.com.mx\/index.php?rest_route=\/wp\/v2\/posts\/69117","targetHints":{"allow":["GET"]}}],"collection":[{"href":"https:\/\/encuentroinformativo.com.mx\/index.php?rest_route=\/wp\/v2\/posts"}],"about":[{"href":"https:\/\/encuentroinformativo.com.mx\/index.php?rest_route=\/wp\/v2\/types\/post"}],"author":[{"embeddable":true,"href":"https:\/\/encuentroinformativo.com.mx\/index.php?rest_route=\/wp\/v2\/users\/2476"}],"replies":[{"embeddable":true,"href":"https:\/\/encuentroinformativo.com.mx\/index.php?rest_route=%2Fwp%2Fv2%2Fcomments&post=69117"}],"version-history":[{"count":1,"href":"https:\/\/encuentroinformativo.com.mx\/index.php?rest_route=\/wp\/v2\/posts\/69117\/revisions"}],"predecessor-version":[{"id":69119,"href":"https:\/\/encuentroinformativo.com.mx\/index.php?rest_route=\/wp\/v2\/posts\/69117\/revisions\/69119"}],"wp:featuredmedia":[{"embeddable":true,"href":"https:\/\/encuentroinformativo.com.mx\/index.php?rest_route=\/wp\/v2\/media\/69118"}],"wp:attachment":[{"href":"https:\/\/encuentroinformativo.com.mx\/index.php?rest_route=%2Fwp%2Fv2%2Fmedia&parent=69117"}],"wp:term":[{"taxonomy":"category","embeddable":true,"href":"https:\/\/encuentroinformativo.com.mx\/index.php?rest_route=%2Fwp%2Fv2%2Fcategories&post=69117"},{"taxonomy":"post_tag","embeddable":true,"href":"https:\/\/encuentroinformativo.com.mx\/index.php?rest_route=%2Fwp%2Fv2%2Ftags&post=69117"}],"curies":[{"name":"wp","href":"https:\/\/api.w.org\/{rel}","templated":true}]}}