{"id":69120,"date":"2025-07-05T17:05:43","date_gmt":"2025-07-05T23:05:43","guid":{"rendered":"https:\/\/encuentroinformativo.com.mx\/?p=69120"},"modified":"2025-07-05T17:05:43","modified_gmt":"2025-07-05T23:05:43","slug":"impulsara-croc-profesionalizacion-en-sectores-productivos","status":"publish","type":"post","link":"https:\/\/encuentroinformativo.com.mx\/?p=69120","title":{"rendered":"Impulsar\u00e1 CROC profesionalizaci\u00f3n en sectores productivos"},"content":{"rendered":"<p><strong>Dar\u00edo Pale<\/strong><\/p>\n<p>Xalapa, Ver.- Antonino Baxin Mata Secretario General de la Confederaci\u00f3n Revolucionaria de Obreros y Campesinos (CROC) en Veracruz, dio a conocer que busca profesionalizar a los trabajadores de diferentes sectores productivos para que brinden mejores servicios y accedan a mejores puestos y salarios, adem\u00e1s de que firmaran un acuerdo con el Partido del Trabajo (PT).<\/p>\n<p>El dirigente nacional de dicha organizaci\u00f3n, Isa\u00edas Gonz\u00e1lez Cuevas acudir\u00e1 al estado para tomar protesta el pr\u00f3ximo 13 de julio a la Asociaci\u00f3n de T\u00e9cnicos y Profesionistas de la CROC que busca cumplir con dicho objetivo.<\/p>\n<p>De igual forma la CROC motiva que los trabajadores apuesten por los emprendimientos para mejorar sus ingresos.<\/p>\n<p>\u201cBuscar dentro de las condiciones generales de trabajo, contratos colectivos y m\u00e1s apoyo a los trabajadores que se quieran capacitar porque es una obligaci\u00f3n de los patrones darles capacitaci\u00f3n a sus trabajadores\u201d, se\u00f1al\u00f3.<\/p>\n<p>\u201cNo nada m\u00e1s capacitarlos por lo que tienen que hacer dentro de sus funciones laborales, acad\u00e9micamente, tambi\u00e9n, que ellos estudien, por eso es que viene tambi\u00e9n a tomarle protesta a la Asociaci\u00f3n de T\u00e9cnicos y Profesionistas de la CROC\u201d, agreg\u00f3<\/p>\n<p>En otro orden de ideas coment\u00f3 que, realizar\u00e1n una firma de la asociaci\u00f3n laborista que es de la CROC con el PT, \u201cviene pol\u00edticamente porque tambi\u00e9n nos dice, nos dice que tenemos que participar pol\u00edticamente, que el trabajador debe de estar y por eso es lo de la asociaci\u00f3n de t\u00e9cnicos y profesionistas\u201d.<\/p>\n<p>Dijo que es un l\u00edder que tiene 82 a\u00f1os pero a\u00fan anda muy activo adem\u00e1s de que es una persona muy sencilla y humilde, es un excelente l\u00edder ya que tambi\u00e9n viene de la \u201cfriega\u201d, pero se fue preparando y trae un gran equipo de profesionistas que trabajan con la CROC.<\/p>\n<p>\u201cA trav\u00e9s de la asociaci\u00f3n laborista, pero obviamente, simplemente tambi\u00e9n respetando el derecho de los trabajadores, o sea, qu\u00e9 pasa si hay compa\u00f1eros que ya traen ciertos acuerdos en otros tambi\u00e9n, hay que respetarlo porque hay libertad, lo que \u00e9l dice es que hagamos pol\u00edtica, no importa el partido, no importa simplemente que el trabajador haga pol\u00edtica, que participe, y si \u00e9l participa, el \u00fanico que dice es que el trabajador necesita tener regidores, tener diputados locales, diputados federales, y por qu\u00e9 no, adem\u00e1s, un presidente municipal o gobernador, y por qu\u00e9 no un presidente de M\u00e9xico\u201d, coment\u00f3.<\/p>\n<p>Dijo que obviamente, si se da el acuerdo con el PT si qu\u00e9 pasa si el PT en Xalapa respeta el liderazgo y se sientan y hay negociaci\u00f3n hay acuerdos a d\u00f3nde van a ir a donde haya esos acuerdos pero qu\u00e9 pasa si no le interesa entonces bueno ellos tienen la libertad de qui\u00e9n los busque porque la misma ley te lo te lo autoriza o sea lo importante es hacer pol\u00edtica con quien toma los acuerdos .<\/p>\n<p>Finalmente coment\u00f3 \u201cyo lo hago en veracruz a quien apoy\u00f3 al que me busca porque el que te busca quiere acordar contigo quiere que lo apoyes pero el que no te busca pues en ese momento no quiere nada contigo.<\/p>\n<p>&nbsp;<\/p>\n","protected":false},"excerpt":{"rendered":"<p>Dar\u00edo Pale Xalapa, Ver.- Antonino Baxin Mata Secretario General de la Confederaci\u00f3n Revolucionaria de Obreros y Campesinos (CROC) en Veracruz, dio a conocer que busca profesionalizar a los trabajadores de diferentes sectores productivos para que brinden mejores servicios y accedan a mejores puestos y salarios, adem\u00e1s de que firmaran un acuerdo con el Partido del [&hellip;]<\/p>\n","protected":false},"author":2476,"featured_media":69121,"comment_status":"open","ping_status":"open","sticky":false,"template":"","format":"standard","meta":{"_jetpack_memberships_contains_paid_content":false,"footnotes":""},"categories":[2],"tags":[],"class_list":["post-69120","post","type-post","status-publish","format-standard","has-post-thumbnail","hentry","category-estado"],"jetpack_featured_media_url":"https:\/\/encuentroinformativo.com.mx\/wp-content\/uploads\/2025\/07\/IMG-20250705-WA01472.jpg","jetpack_sharing_enabled":true,"jetpack_likes_enabled":true,"amp_enabled":true,"_links":{"self":[{"href":"https:\/\/encuentroinformativo.com.mx\/index.php?rest_route=\/wp\/v2\/posts\/69120","targetHints":{"allow":["GET"]}}],"collection":[{"href":"https:\/\/encuentroinformativo.com.mx\/index.php?rest_route=\/wp\/v2\/posts"}],"about":[{"href":"https:\/\/encuentroinformativo.com.mx\/index.php?rest_route=\/wp\/v2\/types\/post"}],"author":[{"embeddable":true,"href":"https:\/\/encuentroinformativo.com.mx\/index.php?rest_route=\/wp\/v2\/users\/2476"}],"replies":[{"embeddable":true,"href":"https:\/\/encuentroinformativo.com.mx\/index.php?rest_route=%2Fwp%2Fv2%2Fcomments&post=69120"}],"version-history":[{"count":1,"href":"https:\/\/encuentroinformativo.com.mx\/index.php?rest_route=\/wp\/v2\/posts\/69120\/revisions"}],"predecessor-version":[{"id":69122,"href":"https:\/\/encuentroinformativo.com.mx\/index.php?rest_route=\/wp\/v2\/posts\/69120\/revisions\/69122"}],"wp:featuredmedia":[{"embeddable":true,"href":"https:\/\/encuentroinformativo.com.mx\/index.php?rest_route=\/wp\/v2\/media\/69121"}],"wp:attachment":[{"href":"https:\/\/encuentroinformativo.com.mx\/index.php?rest_route=%2Fwp%2Fv2%2Fmedia&parent=69120"}],"wp:term":[{"taxonomy":"category","embeddable":true,"href":"https:\/\/encuentroinformativo.com.mx\/index.php?rest_route=%2Fwp%2Fv2%2Fcategories&post=69120"},{"taxonomy":"post_tag","embeddable":true,"href":"https:\/\/encuentroinformativo.com.mx\/index.php?rest_route=%2Fwp%2Fv2%2Ftags&post=69120"}],"curies":[{"name":"wp","href":"https:\/\/api.w.org\/{rel}","templated":true}]}}