{"id":69126,"date":"2025-07-06T19:07:04","date_gmt":"2025-07-07T01:07:04","guid":{"rendered":"https:\/\/encuentroinformativo.com.mx\/?p=69126"},"modified":"2025-07-06T19:07:04","modified_gmt":"2025-07-07T01:07:04","slug":"familiares-de-adultos-mayores-desaparecidos-en-jose-azueta-piden-intervencion-de-presidenta-sheinbaum","status":"publish","type":"post","link":"https:\/\/encuentroinformativo.com.mx\/?p=69126","title":{"rendered":"Familiares de adultos mayores desaparecidos en Jos\u00e9 Azueta piden intervenci\u00f3n de presidenta Sheinbaum\u00a0"},"content":{"rendered":"<p><strong>Jos\u00e9 Vargas<\/strong><\/p>\n<p>Coatzacoalcos, Ver.- En medio de la visita de la presidenta Claudia Sheinbaum Pardo al sur de Veracruz, familiares de una pareja de adultos mayores desaparecidos en el municipio de Jos\u00e9 Azueta alzaron la voz para exigir la intervenci\u00f3n inmediata del Gobierno Federal ante la inacci\u00f3n de las autoridades estatales.<\/p>\n<p>Los manifestantes, quienes se trasladaron hasta Coatzacoalcos con la esperanza de ser escuchados por la mandataria, denunciaron que sus familiares desaparecieron hace m\u00e1s de 15 d\u00edas y que, hasta ahora, no hay avances en la investigaci\u00f3n ni acciones contundentes por parte de la Fiscal\u00eda de Veracruz para dar con su paradero.<\/p>\n<p>Ilse Mariela Nolasco L\u00f3pez, hija de la pareja desaparecida, solicit\u00f3 directamente la intervenci\u00f3n del titular de la Secretar\u00eda de Seguridad y Protecci\u00f3n Ciudadana, Omar Garc\u00eda Harfuch, para que se investigue a fondo la desaparici\u00f3n y se enfrente la presunta participaci\u00f3n del crimen organizado que opera impunemente en la zona.<\/p>\n<p>\u201cEn Jos\u00e9 Azueta hay delincuencia organizada operando con total libertad. Mis padres desaparecieron y las autoridades veracruzanas no est\u00e1n haciendo nada. Necesitamos ayuda del gobierno federal. Ya no confiamos en las autoridades locales\u201d, reclam\u00f3 Nolasco L\u00f3pez visiblemente afectada.<\/p>\n<p>El caso de esta familia se suma a los numerosos reportes de desapariciones en la regi\u00f3n, en un contexto donde la impunidad y la violencia contin\u00faan golpeando a las comunidades rurales. La presencia de Sheinbaum en Veracruz despert\u00f3 la esperanza de que las v\u00edctimas y sus familiares sean por fin escuchados desde el m\u00e1s alto nivel del gobierno.<\/p>\n<p>Hasta el momento, no se ha emitido una respuesta oficial por parte del equipo de Presidencia ni de la SSP federal, aunque los familiares aseguraron que mantendr\u00e1n su exigencia activa hasta obtener una respuesta real.<\/p>\n<p><img loading=\"lazy\" decoding=\"async\" class=\"aligncenter size-medium wp-image-69128\" src=\"https:\/\/encuentroinformativo.com.mx\/wp-content\/uploads\/2025\/07\/IMG-20250706-WA0223-300x169.jpg\" alt=\"\" width=\"300\" height=\"169\" srcset=\"https:\/\/encuentroinformativo.com.mx\/wp-content\/uploads\/2025\/07\/IMG-20250706-WA0223-300x169.jpg 300w, https:\/\/encuentroinformativo.com.mx\/wp-content\/uploads\/2025\/07\/IMG-20250706-WA0223-1024x577.jpg 1024w, https:\/\/encuentroinformativo.com.mx\/wp-content\/uploads\/2025\/07\/IMG-20250706-WA0223-768x432.jpg 768w, https:\/\/encuentroinformativo.com.mx\/wp-content\/uploads\/2025\/07\/IMG-20250706-WA0223-1536x865.jpg 1536w, https:\/\/encuentroinformativo.com.mx\/wp-content\/uploads\/2025\/07\/IMG-20250706-WA0223.jpg 2000w\" sizes=\"auto, (max-width: 300px) 100vw, 300px\" \/><\/p>\n","protected":false},"excerpt":{"rendered":"<p>Jos\u00e9 Vargas Coatzacoalcos, Ver.- En medio de la visita de la presidenta Claudia Sheinbaum Pardo al sur de Veracruz, familiares de una pareja de adultos mayores desaparecidos en el municipio de Jos\u00e9 Azueta alzaron la voz para exigir la intervenci\u00f3n inmediata del Gobierno Federal ante la inacci\u00f3n de las autoridades estatales. Los manifestantes, quienes se [&hellip;]<\/p>\n","protected":false},"author":2476,"featured_media":69127,"comment_status":"open","ping_status":"open","sticky":false,"template":"","format":"standard","meta":{"_jetpack_memberships_contains_paid_content":false,"footnotes":""},"categories":[2],"tags":[],"class_list":["post-69126","post","type-post","status-publish","format-standard","has-post-thumbnail","hentry","category-estado"],"jetpack_featured_media_url":"https:\/\/encuentroinformativo.com.mx\/wp-content\/uploads\/2025\/07\/IMG-20250706-WA0222.jpg","jetpack_sharing_enabled":true,"jetpack_likes_enabled":true,"amp_enabled":true,"_links":{"self":[{"href":"https:\/\/encuentroinformativo.com.mx\/index.php?rest_route=\/wp\/v2\/posts\/69126","targetHints":{"allow":["GET"]}}],"collection":[{"href":"https:\/\/encuentroinformativo.com.mx\/index.php?rest_route=\/wp\/v2\/posts"}],"about":[{"href":"https:\/\/encuentroinformativo.com.mx\/index.php?rest_route=\/wp\/v2\/types\/post"}],"author":[{"embeddable":true,"href":"https:\/\/encuentroinformativo.com.mx\/index.php?rest_route=\/wp\/v2\/users\/2476"}],"replies":[{"embeddable":true,"href":"https:\/\/encuentroinformativo.com.mx\/index.php?rest_route=%2Fwp%2Fv2%2Fcomments&post=69126"}],"version-history":[{"count":1,"href":"https:\/\/encuentroinformativo.com.mx\/index.php?rest_route=\/wp\/v2\/posts\/69126\/revisions"}],"predecessor-version":[{"id":69129,"href":"https:\/\/encuentroinformativo.com.mx\/index.php?rest_route=\/wp\/v2\/posts\/69126\/revisions\/69129"}],"wp:featuredmedia":[{"embeddable":true,"href":"https:\/\/encuentroinformativo.com.mx\/index.php?rest_route=\/wp\/v2\/media\/69127"}],"wp:attachment":[{"href":"https:\/\/encuentroinformativo.com.mx\/index.php?rest_route=%2Fwp%2Fv2%2Fmedia&parent=69126"}],"wp:term":[{"taxonomy":"category","embeddable":true,"href":"https:\/\/encuentroinformativo.com.mx\/index.php?rest_route=%2Fwp%2Fv2%2Fcategories&post=69126"},{"taxonomy":"post_tag","embeddable":true,"href":"https:\/\/encuentroinformativo.com.mx\/index.php?rest_route=%2Fwp%2Fv2%2Ftags&post=69126"}],"curies":[{"name":"wp","href":"https:\/\/api.w.org\/{rel}","templated":true}]}}