{"id":69137,"date":"2025-07-07T10:50:13","date_gmt":"2025-07-07T16:50:13","guid":{"rendered":"https:\/\/encuentroinformativo.com.mx\/?p=69137"},"modified":"2025-07-07T10:50:13","modified_gmt":"2025-07-07T16:50:13","slug":"unidos-por-texistepec-mas-firmes-que-nunca-pese-a-senalamientos","status":"publish","type":"post","link":"https:\/\/encuentroinformativo.com.mx\/?p=69137","title":{"rendered":"\u201cUnidos por Texistepec\u201d, m\u00e1s firmes que nunca pese a se\u00f1alamientos"},"content":{"rendered":"<p><strong>Jos\u00e9 Vargas<\/strong><\/p>\n<p>Texistepec, Ver.- Ni la adversidad, ni los se\u00f1alamientos ni las acusaciones sin sustento han logrado quebrar a la Asociaci\u00f3n Civil Unidos por Texistepec, que este fin de semana demostr\u00f3 fuerza, lealtad y organizaci\u00f3n, a pesar de que su l\u00edder moral, Domingo Flores \u00c1lvarez, enfrenta serias acusaciones por parte de la presidenta electa del municipio, quien lo se\u00f1ala como presunto responsable del asesinato de su esposo.<\/p>\n<p>M\u00e1s de 200 integrantes de la agrupaci\u00f3n se congregaron el d\u00eda de ayer para refrendar p\u00fablicamente su compromiso con la causa que los uni\u00f3 hace m\u00e1s de dos d\u00e9cadas: la defensa de su tierra, su patrimonio y los beneficios de la remediaci\u00f3n ambiental en la zona.<\/p>\n<p>Durante la asamblea, los miembros se\u00f1alaron que no permitir\u00e1n que \u201cni siquiera la presidenta electa\u201d les arrebate lo que \u2014afirman\u2014 les corresponde por derecho, y que seguir\u00e1n luchando por el reparto justo de los beneficios derivados del proyecto de remediaci\u00f3n ambiental que se realiza en esta regi\u00f3n del sur de Veracruz.<\/p>\n<p><strong>El conflicto de fondo: contratos cuestionados<\/strong><\/p>\n<p>Seg\u00fan documentos previamente dados a conocer, se hab\u00eda establecido un contrato donde dos empresas recibir\u00edan el 25% cada una de los trabajos, mientras que el 50% restante ser\u00eda entregado presuntamente a la hija de la presidenta electa. En este esquema, los campesinos agrupados en la Asociaci\u00f3n quedaban fuera como beneficiarios directos, recibiendo apenas \u201cd\u00e1divas\u201d, pese a haber sido los promotores y defensores hist\u00f3ricos de la causa ambiental.<\/p>\n<p>Los asistentes reiteraron su inconformidad con esta distribuci\u00f3n que consideran injusta y excluyente, y aseguraron que no permitir\u00e1n que su lucha sea pisoteada por intereses pol\u00edticos o personales.<\/p>\n<p><strong>Lealtad pese al encarcelamiento<\/strong><\/p>\n<p>La detenci\u00f3n de Domingo Flores, quien guarda prisi\u00f3n preventiva por los se\u00f1alamientos que pesan en su contra, no ha debilitado la estructura de la Asociaci\u00f3n. Por el contrario, sus integrantes afirmaron que ahora est\u00e1n m\u00e1s unidos que nunca.<\/p>\n<p>\u201cSeguimos firmes, m\u00e1s fuertes, m\u00e1s comprometidos. Si es necesario, defenderemos con nuestra vida lo que nos pertenece\u201d, expresaron varios miembros durante la reuni\u00f3n.<\/p>\n<p>Aseguraron que, a pesar de las amenazas, el acoso y las injusticias, continuar\u00e1n reuni\u00e9ndose y trabajando por las comunidades que representan. La asamblea tambi\u00e9n sirvi\u00f3 para abordar los atrasos en los trabajos del proyecto debido a los hechos recientes, pero se dej\u00f3 en claro que las acciones no se detendr\u00e1n.<\/p>\n<p><strong>Llamado a la unidad y a no caer en rumores<\/strong><\/p>\n<p>Finalmente, los integrantes de Unidos por Texistepec hicieron un llamado a la poblaci\u00f3n a no dejarse llevar por rumores malintencionados ni por intereses ajenos a la verdadera lucha social. Acusaron que existen personas que solo buscan desestabilizar la organizaci\u00f3n con fines econ\u00f3micos, motivadas por la ambici\u00f3n y no por el bienestar colectivo.<\/p>\n<p>\u201cEsto no es nuevo, llevamos m\u00e1s de 20 a\u00f1os luchando y nadie nos ha regalado nada. No vamos a permitir que se nos arrebate lo que nos corresponde. Seguimos de pie, con la frente en alto y con Domingo Flores en el coraz\u00f3n de esta causa\u201d, expresaron los asistentes.<\/p>\n","protected":false},"excerpt":{"rendered":"<p>Jos\u00e9 Vargas Texistepec, Ver.- Ni la adversidad, ni los se\u00f1alamientos ni las acusaciones sin sustento han logrado quebrar a la Asociaci\u00f3n Civil Unidos por Texistepec, que este fin de semana demostr\u00f3 fuerza, lealtad y organizaci\u00f3n, a pesar de que su l\u00edder moral, Domingo Flores \u00c1lvarez, enfrenta serias acusaciones por parte de la presidenta electa del [&hellip;]<\/p>\n","protected":false},"author":2476,"featured_media":69138,"comment_status":"open","ping_status":"open","sticky":false,"template":"","format":"standard","meta":{"_jetpack_memberships_contains_paid_content":false,"footnotes":""},"categories":[2],"tags":[],"class_list":["post-69137","post","type-post","status-publish","format-standard","has-post-thumbnail","hentry","category-estado"],"jetpack_featured_media_url":"https:\/\/encuentroinformativo.com.mx\/wp-content\/uploads\/2025\/07\/IMG-20250707-WA0025.jpg","jetpack_sharing_enabled":true,"jetpack_likes_enabled":true,"amp_enabled":true,"_links":{"self":[{"href":"https:\/\/encuentroinformativo.com.mx\/index.php?rest_route=\/wp\/v2\/posts\/69137","targetHints":{"allow":["GET"]}}],"collection":[{"href":"https:\/\/encuentroinformativo.com.mx\/index.php?rest_route=\/wp\/v2\/posts"}],"about":[{"href":"https:\/\/encuentroinformativo.com.mx\/index.php?rest_route=\/wp\/v2\/types\/post"}],"author":[{"embeddable":true,"href":"https:\/\/encuentroinformativo.com.mx\/index.php?rest_route=\/wp\/v2\/users\/2476"}],"replies":[{"embeddable":true,"href":"https:\/\/encuentroinformativo.com.mx\/index.php?rest_route=%2Fwp%2Fv2%2Fcomments&post=69137"}],"version-history":[{"count":1,"href":"https:\/\/encuentroinformativo.com.mx\/index.php?rest_route=\/wp\/v2\/posts\/69137\/revisions"}],"predecessor-version":[{"id":69139,"href":"https:\/\/encuentroinformativo.com.mx\/index.php?rest_route=\/wp\/v2\/posts\/69137\/revisions\/69139"}],"wp:featuredmedia":[{"embeddable":true,"href":"https:\/\/encuentroinformativo.com.mx\/index.php?rest_route=\/wp\/v2\/media\/69138"}],"wp:attachment":[{"href":"https:\/\/encuentroinformativo.com.mx\/index.php?rest_route=%2Fwp%2Fv2%2Fmedia&parent=69137"}],"wp:term":[{"taxonomy":"category","embeddable":true,"href":"https:\/\/encuentroinformativo.com.mx\/index.php?rest_route=%2Fwp%2Fv2%2Fcategories&post=69137"},{"taxonomy":"post_tag","embeddable":true,"href":"https:\/\/encuentroinformativo.com.mx\/index.php?rest_route=%2Fwp%2Fv2%2Ftags&post=69137"}],"curies":[{"name":"wp","href":"https:\/\/api.w.org\/{rel}","templated":true}]}}