{"id":69155,"date":"2025-07-07T14:02:52","date_gmt":"2025-07-07T20:02:52","guid":{"rendered":"https:\/\/encuentroinformativo.com.mx\/?p=69155"},"modified":"2025-07-07T14:02:52","modified_gmt":"2025-07-07T20:02:52","slug":"reclama-seccion-32-del-snte-liberacion-de-plazas-y-recursos-para-docentes","status":"publish","type":"post","link":"https:\/\/encuentroinformativo.com.mx\/?p=69155","title":{"rendered":"Reclama secci\u00f3n 32 del SNTE liberaci\u00f3n de plazas y recursos para docentes"},"content":{"rendered":"<p><strong>Dar\u00edo Pale<\/strong><\/p>\n<p>Xalapa, Ver.- La secci\u00f3n 32 del Sindicato Nacional de los Trabajadores de la Educaci\u00f3n (SNTE) exigi\u00f3 a la Secretar\u00eda de Educaci\u00f3n de Veracruz la liberaci\u00f3n inmediata de plazas y recursos docentes, el reconocimiento a promociones leg\u00edtimas, el pago de seguros institucionales pendientes desde 2011, la regularizaci\u00f3n de los trabajadores con adscripci\u00f3n distinta a su centro laboral real, respeto a la legalidad en Educaci\u00f3n Ind\u00edgena, as\u00ed como la separaci\u00f3n inmediata de Neyra Arleth Bautista Mayorga y Nidia Caril\u00fa Nava Palomec de sus cargos.<\/p>\n<p>En conferencia de prensa, emitieron un posicionamiento dirigido a la gobernadora Norma Roc\u00edo Nahle Garc\u00eda, as\u00ed como a Mario Delgado Carrillo, secretario de Educaci\u00f3n P\u00fablica.<\/p>\n<p>A nombre del gremio, Andr\u00e9 Peralta Flores, secretario de Operaci\u00f3n Pol\u00edtica de la Secci\u00f3n 32 del SNTE expuso el sentir del magisterio, el cual se hizo de manera simult\u00e1nea en todo el territorio estatal donde tienen presencia.<\/p>\n<p>Falta de asignaci\u00f3n de plazas docentes, pues miles de horas clase permanecen vacantes por jubilaciones, defunciones o ascensos, sin ser cubiertas.<\/p>\n<p>Tambi\u00e9n denunciaron las promociones negadas, por lo que cientos de trabajadores evaluados no acceden a sus ascensos, adem\u00e1s de que la autoridad simula falta de plazas.<\/p>\n<p>Hay directores sin reconocimiento, por lo que m\u00e1s de 2,500 escuelas tienen directores comisionados sin derechos ni pago acorde.<\/p>\n<p>Denunciaron tambi\u00e9n la omisi\u00f3n en pagos y licencias; hay atrasos de hasta tres quincenas, de manera que las licencias no se cubren adecuadamente.<\/p>\n<p>Existen irregularidades con USICAMM: Fallas de plataforma impidi\u00f3 la participaci\u00f3n a m\u00e1s de 800 trabajadores.<\/p>\n<p>Los docentes denunciaron que la Educaci\u00f3n Indigena est\u00e1 en crisis, pues hay contrataciones irregulares, persecuci\u00f3n laboral y documentos ap\u00f3crifos.<\/p>\n<p>El hostigamiento institucional tambi\u00e9n prevalece, pues env\u00edan correos intimidatorios sobre declaraciones patrimoniales.<\/p>\n<p>Tambi\u00e9n denunciaron el incumplimiento del decreto presidencial, pues se ignora el decreto de movilidad laboral con criterios arbitrarios y sin inclusi\u00f3n sindical.<\/p>\n<p>Est\u00e1n exigiendo la liberaci\u00f3n inmediata de plazas y recursos docentes, reconocimiento a promociones leg\u00edtimas, pago de seguros institucionales pendientes desde el 2021, regularizaci\u00f3n de los trabajadores con adscripci\u00f3n distinta a su centro laboral real, respeto a la legalidad en la Educaci\u00f3n Indigena y la separaci\u00f3n inmediata de Neyra Arleth Bautista Mayorga y Nidia Caril\u00fa Nava Palomec de sus cargos.<\/p>\n<p>Por lo anterior, se\u00f1alaron que la Secci\u00f3n 32 del SNTE &#8220;no est\u00e1 aqu\u00ed para pedir favores, est\u00e1 aqu\u00ed para defender derechos. El respeto a la ley, a los trabajadores y a la organizaci\u00f3n sindical no es negociable&#8221;.<\/p>\n<p>De manera que exigieron una autoridad con visi\u00f3n, sensibilidad y voluntad de construir. &#8220;No m\u00e1s simulaciones. No m\u00e1s desprecio por la legalidad&#8221;.<\/p>\n<p>Finalmente, reiteraron que el SNTE es y seguir\u00e1 siendo la voz leg\u00edtima del magisterio. &#8220;\u00a1Por la dignidad del magisterio veracruzano, exigimos justicia, soluciones y respeto ya!&#8221;.<\/p>\n","protected":false},"excerpt":{"rendered":"<p>Dar\u00edo Pale Xalapa, Ver.- La secci\u00f3n 32 del Sindicato Nacional de los Trabajadores de la Educaci\u00f3n (SNTE) exigi\u00f3 a la Secretar\u00eda de Educaci\u00f3n de Veracruz la liberaci\u00f3n inmediata de plazas y recursos docentes, el reconocimiento a promociones leg\u00edtimas, el pago de seguros institucionales pendientes desde 2011, la regularizaci\u00f3n de los trabajadores con adscripci\u00f3n distinta a [&hellip;]<\/p>\n","protected":false},"author":2476,"featured_media":69156,"comment_status":"open","ping_status":"open","sticky":false,"template":"","format":"standard","meta":{"_jetpack_memberships_contains_paid_content":false,"footnotes":""},"categories":[3],"tags":[],"class_list":["post-69155","post","type-post","status-publish","format-standard","has-post-thumbnail","hentry","category-xalapa"],"jetpack_featured_media_url":"https:\/\/encuentroinformativo.com.mx\/wp-content\/uploads\/2025\/07\/IMG-20250707-WA0201.jpg","jetpack_sharing_enabled":true,"jetpack_likes_enabled":true,"amp_enabled":true,"_links":{"self":[{"href":"https:\/\/encuentroinformativo.com.mx\/index.php?rest_route=\/wp\/v2\/posts\/69155","targetHints":{"allow":["GET"]}}],"collection":[{"href":"https:\/\/encuentroinformativo.com.mx\/index.php?rest_route=\/wp\/v2\/posts"}],"about":[{"href":"https:\/\/encuentroinformativo.com.mx\/index.php?rest_route=\/wp\/v2\/types\/post"}],"author":[{"embeddable":true,"href":"https:\/\/encuentroinformativo.com.mx\/index.php?rest_route=\/wp\/v2\/users\/2476"}],"replies":[{"embeddable":true,"href":"https:\/\/encuentroinformativo.com.mx\/index.php?rest_route=%2Fwp%2Fv2%2Fcomments&post=69155"}],"version-history":[{"count":1,"href":"https:\/\/encuentroinformativo.com.mx\/index.php?rest_route=\/wp\/v2\/posts\/69155\/revisions"}],"predecessor-version":[{"id":69157,"href":"https:\/\/encuentroinformativo.com.mx\/index.php?rest_route=\/wp\/v2\/posts\/69155\/revisions\/69157"}],"wp:featuredmedia":[{"embeddable":true,"href":"https:\/\/encuentroinformativo.com.mx\/index.php?rest_route=\/wp\/v2\/media\/69156"}],"wp:attachment":[{"href":"https:\/\/encuentroinformativo.com.mx\/index.php?rest_route=%2Fwp%2Fv2%2Fmedia&parent=69155"}],"wp:term":[{"taxonomy":"category","embeddable":true,"href":"https:\/\/encuentroinformativo.com.mx\/index.php?rest_route=%2Fwp%2Fv2%2Fcategories&post=69155"},{"taxonomy":"post_tag","embeddable":true,"href":"https:\/\/encuentroinformativo.com.mx\/index.php?rest_route=%2Fwp%2Fv2%2Ftags&post=69155"}],"curies":[{"name":"wp","href":"https:\/\/api.w.org\/{rel}","templated":true}]}}