{"id":69158,"date":"2025-07-07T14:10:30","date_gmt":"2025-07-07T20:10:30","guid":{"rendered":"https:\/\/encuentroinformativo.com.mx\/?p=69158"},"modified":"2025-07-07T14:10:30","modified_gmt":"2025-07-07T20:10:30","slug":"jovenes-antorchistas-no-estuvieron-desaparecidos-segob","status":"publish","type":"post","link":"https:\/\/encuentroinformativo.com.mx\/?p=69158","title":{"rendered":"J\u00f3venes antorchistas no estuvieron desaparecidos: Segob"},"content":{"rendered":"<p><strong>Dar\u00edo Pale<\/strong><\/p>\n<p>Xalapa, Ver.- El secretario de Gobierno, Ricardo Ahued Bardahuil, confirm\u00f3 que se localizaron con vida a los 8 antorchistas poblanos desaparecidos en Veracruz el pasado 3 de julio.<\/p>\n<p>&#8220;Posteriormente hab\u00edan anunciado que se hab\u00edan perdido dos personas, supuestamente secuestradas, sin denuncia, pero despu\u00e9s fueron cuatro, despu\u00e9s eran 8 y por eso hablamos con el l\u00edder estatal Samuel Aguirre Ochoa, estuvo marcando y aparecieron en el ADO sin ning\u00fan rasgu\u00f1o, sin ning\u00fan tema y no hay denuncia m\u00e1s de los hechos. No tenemos m\u00e1s ampliaci\u00f3n de esto&#8221;, se\u00f1al\u00f3.<\/p>\n<p>Lo que s\u00ed existe, dijo, es la investigaci\u00f3n sobre la posesi\u00f3n de un arma que se le detect\u00f3 a una persona.<\/p>\n<p>&#8220;Se dejan libres para que \u00e9stas personas acrediten el arma y el permiso correspondiente&#8221;, coment\u00f3.<\/p>\n<p>Por \u00faltimo cabe recordar que el Movimiento Antorchista Nacional denunci\u00f3 que el pasado jueves 3 de julio de 2025, integrantes de la organizaci\u00f3n y tres familiares desaparecieron a las afueras de la delegaci\u00f3n de la Fiscal\u00eda General de la Rep\u00fablica (FGR), ubicada en la ciudad de Veracruz, mientras esperaban para realizar tr\u00e1mites legales dentro de dicha dependencia.<\/p>\n","protected":false},"excerpt":{"rendered":"<p>Dar\u00edo Pale Xalapa, Ver.- El secretario de Gobierno, Ricardo Ahued Bardahuil, confirm\u00f3 que se localizaron con vida a los 8 antorchistas poblanos desaparecidos en Veracruz el pasado 3 de julio. &#8220;Posteriormente hab\u00edan anunciado que se hab\u00edan perdido dos personas, supuestamente secuestradas, sin denuncia, pero despu\u00e9s fueron cuatro, despu\u00e9s eran 8 y por eso hablamos con [&hellip;]<\/p>\n","protected":false},"author":2476,"featured_media":69159,"comment_status":"open","ping_status":"open","sticky":false,"template":"","format":"standard","meta":{"_jetpack_memberships_contains_paid_content":false,"footnotes":""},"categories":[2],"tags":[],"class_list":["post-69158","post","type-post","status-publish","format-standard","has-post-thumbnail","hentry","category-estado"],"jetpack_featured_media_url":"https:\/\/encuentroinformativo.com.mx\/wp-content\/uploads\/2025\/07\/IMG-20250707-WA02262.jpg","jetpack_sharing_enabled":true,"jetpack_likes_enabled":true,"amp_enabled":true,"_links":{"self":[{"href":"https:\/\/encuentroinformativo.com.mx\/index.php?rest_route=\/wp\/v2\/posts\/69158","targetHints":{"allow":["GET"]}}],"collection":[{"href":"https:\/\/encuentroinformativo.com.mx\/index.php?rest_route=\/wp\/v2\/posts"}],"about":[{"href":"https:\/\/encuentroinformativo.com.mx\/index.php?rest_route=\/wp\/v2\/types\/post"}],"author":[{"embeddable":true,"href":"https:\/\/encuentroinformativo.com.mx\/index.php?rest_route=\/wp\/v2\/users\/2476"}],"replies":[{"embeddable":true,"href":"https:\/\/encuentroinformativo.com.mx\/index.php?rest_route=%2Fwp%2Fv2%2Fcomments&post=69158"}],"version-history":[{"count":1,"href":"https:\/\/encuentroinformativo.com.mx\/index.php?rest_route=\/wp\/v2\/posts\/69158\/revisions"}],"predecessor-version":[{"id":69160,"href":"https:\/\/encuentroinformativo.com.mx\/index.php?rest_route=\/wp\/v2\/posts\/69158\/revisions\/69160"}],"wp:featuredmedia":[{"embeddable":true,"href":"https:\/\/encuentroinformativo.com.mx\/index.php?rest_route=\/wp\/v2\/media\/69159"}],"wp:attachment":[{"href":"https:\/\/encuentroinformativo.com.mx\/index.php?rest_route=%2Fwp%2Fv2%2Fmedia&parent=69158"}],"wp:term":[{"taxonomy":"category","embeddable":true,"href":"https:\/\/encuentroinformativo.com.mx\/index.php?rest_route=%2Fwp%2Fv2%2Fcategories&post=69158"},{"taxonomy":"post_tag","embeddable":true,"href":"https:\/\/encuentroinformativo.com.mx\/index.php?rest_route=%2Fwp%2Fv2%2Ftags&post=69158"}],"curies":[{"name":"wp","href":"https:\/\/api.w.org\/{rel}","templated":true}]}}