{"id":69176,"date":"2025-07-08T13:00:32","date_gmt":"2025-07-08T19:00:32","guid":{"rendered":"https:\/\/encuentroinformativo.com.mx\/?p=69176"},"modified":"2025-07-08T13:00:32","modified_gmt":"2025-07-08T19:00:32","slug":"por-protesta-contra-sev-cesan-sus-plazas-de-docente-acusa-lider-sindical","status":"publish","type":"post","link":"https:\/\/encuentroinformativo.com.mx\/?p=69176","title":{"rendered":"Por protesta contra SEV; cesan sus plazas de docente, acusa l\u00edder sindical"},"content":{"rendered":"<p><strong>Dar\u00edo Pale<\/strong><\/p>\n<p>Xalapa, Ver.- Despu\u00e9s de 30 a\u00f1os de servicio, presuntamente por protestar contra la Secretar\u00eda de Educaci\u00f3n de Veracruz (SEV) el l\u00edder del Sindicato Aut\u00e9ntico de Trabajadores de Telebachillerato y de la Educaci\u00f3n de Veracruz (SATEBAEV), fue cesado de forma definitiva.<\/p>\n<p>En conferencia de prensa, junto con el abogado Juan Jos\u00e9 Llanes Gil del \u00c1ngel y l\u00edderes de otras siglas gremiales; record\u00f3 que particip\u00f3 junto con los otros 7 sindicatos magisteriales, se autodenominaron Uni\u00f3n de Sindicatos Magisteriales del Estado de Veracruz (USMEV), que aglutina a Insiste, Sivetse, GNTE, SIRMA, ASTEV, Liga Magisterial Veracruzana, SATEBAEV y SMMV.<\/p>\n<p>El secretario general del Sindicato Aut\u00e9ntico de Trabajadores de Telebachillerato y de la Educaci\u00f3n de Veracruz (SATEBAEV), V\u00edctor Hugo Su\u00e1rez \u00c1vila, inform\u00f3 que tras 30 a\u00f1os de servicio, fue cesado de manera definitiva de sus dos plazas, presumiblemente por haber formado parte de la toma de la Secretar\u00eda de Educaci\u00f3n de Veracruz (SEV), junto con otras 7 organizaciones magisteriales en febrero de este a\u00f1o.<\/p>\n<p>El profesor era docente activo con una plaza en una escuela secundaria general y otra, como profesor titular C en un telebachillerato de El Castillo.<\/p>\n<p>\u201cEsa impresi\u00f3n nos da porque desde aquel movimiento de la toma de las instalaciones, pac\u00edfica, fuimos acosados, tanto por personal de la Secretar\u00eda y de manera administrativa\u201d, se\u00f1al\u00f3 y no descart\u00f3 que lo mismo les pueda pasar a los otros l\u00edderes sindicales.<\/p>\n<p>Asimismo, record\u00f3 que la dependencia anunci\u00f3 el programa \u201cMaestro al aula\u201d por el que todo empleado adscrito con clave docente y que tuviera funciones en oficinas centrales, tendr\u00eda que reincorporarse a su adscripci\u00f3n original.<\/p>\n<p>Luego de la \u00faltima manifestaci\u00f3n y reuni\u00f3n con el coordinador de asesores de la Secretar\u00eda les informaron que no ser\u00edan objeto de ning\u00fan tipo de sanci\u00f3n por parte de la dependencia.<\/p>\n<p>Sin embargo, durante una reuni\u00f3n con la secretaria Claudia Tello, le informaron que hab\u00eda llegado su cese a su centro de trabajo, por incumplimiento de justificaci\u00f3n de faltas el 28 de febrero, as\u00ed como los d\u00edas 3, 4, 5, 6 y 7 de marzo, d\u00edas en lo que estuvieron en el Tribunal de Conciliaci\u00f3n y Arbitraje (TECA), junto con las otras organizaciones magisteriales.<\/p>\n<p>Por lo que el 1 de julio se le notific\u00f3 el cese definitivo de sus dos plazas, ah\u00ed refiri\u00f3 que la gobernadora, Roc\u00edo Nahle Garc\u00eda ha repetido en diversas ocasiones que no se despedir\u00e1 a nadie por hacer expresiones para la mejora educativa dentro de los marcos normativos.<\/p>\n<p>\u201cPido respetuosamente su intervenci\u00f3n como ejecutiva de buenas pr\u00e1cticas y entendimiento de lo justo, instruyendo a la parte correspondiente para que mi caso sea resuelto satisfactoriamente a favor de mi persona, que si bien, tenemos el derecho de acudir a instancias legales, siempre he tenido la buena voluntad de la conciliaci\u00f3n\u201d, manifest\u00f3.<\/p>\n<p>Por su parte, el abogado Juan Jos\u00e9 Llanes Gil del \u00c1ngel explic\u00f3 que no puede ser que estando en el TECA se le acuse de haber faltado a su trabajo, porque entonces no tiene ning\u00fan sentido que se siente nadie ante un tribunal que se supone est\u00e1 mediando con la autoridad, porque el mensaje que se env\u00eda es \u201cno importa que te sientes a dialogar conmigo, de todas maneras te voy a castigar\u201d.<\/p>\n<p>El litigante explic\u00f3 que si acudieron ante el TECA es porque el mismo gobierno de Veracruz los insta a acudir al Tribunal a manifestar sus inconformidades en contra de la Secretar\u00eda.<\/p>\n<p>Por lo que ahora tendr\u00e1 que demandar ante el TECA para que se reconsidere la situaci\u00f3n del profesor.<\/p>\n<p>\u201cLo que me ha estado preocupando como abogado es que durante todo este tiempo, desde que inici\u00f3 este r\u00e9gimen, la se\u00f1ora secretaria de Educaci\u00f3n ha instado a los medios de comunicaci\u00f3n y a la sociedad, emplacen un juicio paralelo en relaci\u00f3n con ellos, el tema que tiene que ver con ellos est\u00e1 siendo ventilado, juzgado, sancionado, en una instancia que no puede ser en este momento tal\u201d, coment\u00f3.<\/p>\n<p>Finalmente se\u00f1al\u00f3 que, \u201cla raz\u00f3n por la cual \u00e9l va a demandar ante el TECA es porque la \u00fanica v\u00eda civilizada, la \u00fanica legal, hay un debido proceso que tiene que cumplirse, entonces infiero si as\u00ed lo decide, mantendr\u00e1 comunicados a la sociedad, a los medios y dar\u00e1 detalles\u201d, asever\u00f3.<\/p>\n","protected":false},"excerpt":{"rendered":"<p>Dar\u00edo Pale Xalapa, Ver.- Despu\u00e9s de 30 a\u00f1os de servicio, presuntamente por protestar contra la Secretar\u00eda de Educaci\u00f3n de Veracruz (SEV) el l\u00edder del Sindicato Aut\u00e9ntico de Trabajadores de Telebachillerato y de la Educaci\u00f3n de Veracruz (SATEBAEV), fue cesado de forma definitiva. En conferencia de prensa, junto con el abogado Juan Jos\u00e9 Llanes Gil del [&hellip;]<\/p>\n","protected":false},"author":2476,"featured_media":69177,"comment_status":"open","ping_status":"open","sticky":false,"template":"","format":"standard","meta":{"_jetpack_memberships_contains_paid_content":false,"footnotes":""},"categories":[3],"tags":[],"class_list":["post-69176","post","type-post","status-publish","format-standard","has-post-thumbnail","hentry","category-xalapa"],"jetpack_featured_media_url":"https:\/\/encuentroinformativo.com.mx\/wp-content\/uploads\/2025\/07\/IMG-20250708-WA0086.jpg","jetpack_sharing_enabled":true,"jetpack_likes_enabled":true,"amp_enabled":true,"_links":{"self":[{"href":"https:\/\/encuentroinformativo.com.mx\/index.php?rest_route=\/wp\/v2\/posts\/69176","targetHints":{"allow":["GET"]}}],"collection":[{"href":"https:\/\/encuentroinformativo.com.mx\/index.php?rest_route=\/wp\/v2\/posts"}],"about":[{"href":"https:\/\/encuentroinformativo.com.mx\/index.php?rest_route=\/wp\/v2\/types\/post"}],"author":[{"embeddable":true,"href":"https:\/\/encuentroinformativo.com.mx\/index.php?rest_route=\/wp\/v2\/users\/2476"}],"replies":[{"embeddable":true,"href":"https:\/\/encuentroinformativo.com.mx\/index.php?rest_route=%2Fwp%2Fv2%2Fcomments&post=69176"}],"version-history":[{"count":1,"href":"https:\/\/encuentroinformativo.com.mx\/index.php?rest_route=\/wp\/v2\/posts\/69176\/revisions"}],"predecessor-version":[{"id":69178,"href":"https:\/\/encuentroinformativo.com.mx\/index.php?rest_route=\/wp\/v2\/posts\/69176\/revisions\/69178"}],"wp:featuredmedia":[{"embeddable":true,"href":"https:\/\/encuentroinformativo.com.mx\/index.php?rest_route=\/wp\/v2\/media\/69177"}],"wp:attachment":[{"href":"https:\/\/encuentroinformativo.com.mx\/index.php?rest_route=%2Fwp%2Fv2%2Fmedia&parent=69176"}],"wp:term":[{"taxonomy":"category","embeddable":true,"href":"https:\/\/encuentroinformativo.com.mx\/index.php?rest_route=%2Fwp%2Fv2%2Fcategories&post=69176"},{"taxonomy":"post_tag","embeddable":true,"href":"https:\/\/encuentroinformativo.com.mx\/index.php?rest_route=%2Fwp%2Fv2%2Ftags&post=69176"}],"curies":[{"name":"wp","href":"https:\/\/api.w.org\/{rel}","templated":true}]}}