{"id":69179,"date":"2025-07-08T13:06:24","date_gmt":"2025-07-08T19:06:24","guid":{"rendered":"https:\/\/encuentroinformativo.com.mx\/?p=69179"},"modified":"2025-07-08T13:06:24","modified_gmt":"2025-07-08T19:06:24","slug":"con-bloqueos-acusan-nombramientos-ilegales-en-imss-bienestar","status":"publish","type":"post","link":"https:\/\/encuentroinformativo.com.mx\/?p=69179","title":{"rendered":"Con bloqueos, acusan nombramientos ilegales en IMSS Bienestar"},"content":{"rendered":"<p><strong>Dar\u00edo Pale<\/strong><\/p>\n<p>Xalapa, Ver.- Trabajadores del IMSS Bienestar marcharon por las principales calles del centro de la capital y bloquearon la calle de Enr\u00edquez denuncian nombramientos &#8220;ilegales&#8221;, as\u00ed como la falta de pago de d\u00edas festivos entre otras cosas.<\/p>\n<p>Durante la manifestaci\u00f3n los trabajadores del IMSS Bienestar denunciaron que les han dado nombramientos &#8220;ilegales&#8221;, pues no cuentan con adscripci\u00f3n, turnos ni horarios, se\u00f1alaron que desde el a\u00f1o pasado que fueron transferidos se encuentran en la incertidumbre.<\/p>\n<p>Otras de las peticiones es el pago de d\u00edas festivos, Fonacot, prima dominical, hora de guarder\u00eda, as\u00ed como lo que denominan &#8220;infectocontagioso&#8221;.<\/p>\n<p>Otras de las demandas de los trabajadores del Sector Salud es lo que se denomina TxT, sistema de sustituci\u00f3n de trabajador por trabajador, lo que permitir\u00eda que puedan buscar quien los supla ante alguna emergencia.<\/p>\n<p>Pidieron que cese el hostigamiento laboral, porque les ponen falta administrativa, aunque sea por causas de fuerza mayor.<\/p>\n<p>Finalmente cabe se\u00f1alar que los trabajadores que se manifestaron forman parte del Sindicato Fuerza Independiente de los Trabajadores de la Salud en el estado de Veracruz.<\/p>\n<p><img loading=\"lazy\" decoding=\"async\" class=\"aligncenter size-medium wp-image-69181\" src=\"https:\/\/encuentroinformativo.com.mx\/wp-content\/uploads\/2025\/07\/IMG-20250708-WA0128-300x200.jpg\" alt=\"\" width=\"300\" height=\"200\" srcset=\"https:\/\/encuentroinformativo.com.mx\/wp-content\/uploads\/2025\/07\/IMG-20250708-WA0128-300x200.jpg 300w, https:\/\/encuentroinformativo.com.mx\/wp-content\/uploads\/2025\/07\/IMG-20250708-WA0128-1024x683.jpg 1024w, https:\/\/encuentroinformativo.com.mx\/wp-content\/uploads\/2025\/07\/IMG-20250708-WA0128-768x512.jpg 768w, https:\/\/encuentroinformativo.com.mx\/wp-content\/uploads\/2025\/07\/IMG-20250708-WA0128-1536x1024.jpg 1536w, https:\/\/encuentroinformativo.com.mx\/wp-content\/uploads\/2025\/07\/IMG-20250708-WA0128.jpg 1599w\" sizes=\"auto, (max-width: 300px) 100vw, 300px\" \/><\/p>\n<p>&nbsp;<\/p>\n","protected":false},"excerpt":{"rendered":"<p>Dar\u00edo Pale Xalapa, Ver.- Trabajadores del IMSS Bienestar marcharon por las principales calles del centro de la capital y bloquearon la calle de Enr\u00edquez denuncian nombramientos &#8220;ilegales&#8221;, as\u00ed como la falta de pago de d\u00edas festivos entre otras cosas. Durante la manifestaci\u00f3n los trabajadores del IMSS Bienestar denunciaron que les han dado nombramientos &#8220;ilegales&#8221;, pues [&hellip;]<\/p>\n","protected":false},"author":2476,"featured_media":69180,"comment_status":"open","ping_status":"open","sticky":false,"template":"","format":"standard","meta":{"_jetpack_memberships_contains_paid_content":false,"footnotes":""},"categories":[9],"tags":[],"class_list":["post-69179","post","type-post","status-publish","format-standard","has-post-thumbnail","hentry","category-salud"],"jetpack_featured_media_url":"https:\/\/encuentroinformativo.com.mx\/wp-content\/uploads\/2025\/07\/IMG-20250708-WA0136.jpg","jetpack_sharing_enabled":true,"jetpack_likes_enabled":true,"amp_enabled":true,"_links":{"self":[{"href":"https:\/\/encuentroinformativo.com.mx\/index.php?rest_route=\/wp\/v2\/posts\/69179","targetHints":{"allow":["GET"]}}],"collection":[{"href":"https:\/\/encuentroinformativo.com.mx\/index.php?rest_route=\/wp\/v2\/posts"}],"about":[{"href":"https:\/\/encuentroinformativo.com.mx\/index.php?rest_route=\/wp\/v2\/types\/post"}],"author":[{"embeddable":true,"href":"https:\/\/encuentroinformativo.com.mx\/index.php?rest_route=\/wp\/v2\/users\/2476"}],"replies":[{"embeddable":true,"href":"https:\/\/encuentroinformativo.com.mx\/index.php?rest_route=%2Fwp%2Fv2%2Fcomments&post=69179"}],"version-history":[{"count":1,"href":"https:\/\/encuentroinformativo.com.mx\/index.php?rest_route=\/wp\/v2\/posts\/69179\/revisions"}],"predecessor-version":[{"id":69182,"href":"https:\/\/encuentroinformativo.com.mx\/index.php?rest_route=\/wp\/v2\/posts\/69179\/revisions\/69182"}],"wp:featuredmedia":[{"embeddable":true,"href":"https:\/\/encuentroinformativo.com.mx\/index.php?rest_route=\/wp\/v2\/media\/69180"}],"wp:attachment":[{"href":"https:\/\/encuentroinformativo.com.mx\/index.php?rest_route=%2Fwp%2Fv2%2Fmedia&parent=69179"}],"wp:term":[{"taxonomy":"category","embeddable":true,"href":"https:\/\/encuentroinformativo.com.mx\/index.php?rest_route=%2Fwp%2Fv2%2Fcategories&post=69179"},{"taxonomy":"post_tag","embeddable":true,"href":"https:\/\/encuentroinformativo.com.mx\/index.php?rest_route=%2Fwp%2Fv2%2Ftags&post=69179"}],"curies":[{"name":"wp","href":"https:\/\/api.w.org\/{rel}","templated":true}]}}