{"id":6918,"date":"2020-10-15T09:16:41","date_gmt":"2020-10-15T14:16:41","guid":{"rendered":"https:\/\/encuentroinformativo.com.mx\/?p=6918"},"modified":"2020-10-15T09:16:44","modified_gmt":"2020-10-15T14:16:44","slug":"solicitan-a-conapesca-cambio-en-fecha-de-veda-de-pulpo","status":"publish","type":"post","link":"https:\/\/encuentroinformativo.com.mx\/?p=6918","title":{"rendered":"Solicitan a CONAPESCA cambio en fecha de veda de pulpo"},"content":{"rendered":"\n<p><strong>Alejandro \u00c1vila<\/strong><\/p>\n\n\n\n<p>Veracruz, Ver.- La veda de pulpo debe ser modifcada en sus fechas, debido a los cambios en sus ciclos de reproducci\u00f3n, solicitaron pescadores de Veracruz al titular de CONAPESCA, con quien se reunieron este miercoles.<\/p>\n\n\n\n<p>Isabel Pastrana V\u00e1zquez, l\u00edder de la cooperativa pescadores de Veracruz, explic\u00f3 que los ciclos de reproducci\u00f3n de esta especie se han modificado con el tiempo a causa de los cambios de corriente, la temperatura del agua y otros factores, por lo cual consideran necesario modificar el tiempo de veda para proteger esta especie.<\/p>\n\n\n\n<p>En estos momentos, la veda comienza es en los meses de enero y febrero, pero elloa proponen trasladarla al mes de agosto y septiembre.<\/p>\n\n\n\n<p>\u201cLa veda es en enero y febrero, dos meses de veda pero en esos meses el pulpo siempre est\u00e1 grande, ahorita en el mes de septiembre y octubre el pulpo es muy peque\u00f1o y desgraciadamente estamos haciendo una mortandad de la especie al pescar pulpos muy peque\u00f1os\u201d, apunt\u00f3.<\/p>\n\n\n\n<p>Pastrana V\u00e1zquez asegur\u00f3 que la intenci\u00f3n de modificar la veda es proteger la especie y mejorar la productividad de los pescadores.<\/p>\n","protected":false},"excerpt":{"rendered":"<p>Alejandro \u00c1vila Veracruz, Ver.- La veda de pulpo debe ser modifcada en sus fechas, debido a los cambios en sus ciclos de reproducci\u00f3n, solicitaron pescadores de Veracruz al titular de CONAPESCA, con quien se reunieron este miercoles. Isabel Pastrana V\u00e1zquez, l\u00edder de la cooperativa pescadores de Veracruz, explic\u00f3 que los ciclos de reproducci\u00f3n de esta [&hellip;]<\/p>\n","protected":false},"author":1,"featured_media":6919,"comment_status":"open","ping_status":"open","sticky":false,"template":"","format":"standard","meta":{"_jetpack_memberships_contains_paid_content":false,"footnotes":""},"categories":[2],"tags":[],"class_list":["post-6918","post","type-post","status-publish","format-standard","has-post-thumbnail","hentry","category-estado"],"jetpack_featured_media_url":"https:\/\/encuentroinformativo.com.mx\/wp-content\/uploads\/2020\/10\/25717413-7908-437B-8D23-36BC3662C67D.jpeg","jetpack_sharing_enabled":true,"jetpack_likes_enabled":true,"amp_enabled":true,"_links":{"self":[{"href":"https:\/\/encuentroinformativo.com.mx\/index.php?rest_route=\/wp\/v2\/posts\/6918","targetHints":{"allow":["GET"]}}],"collection":[{"href":"https:\/\/encuentroinformativo.com.mx\/index.php?rest_route=\/wp\/v2\/posts"}],"about":[{"href":"https:\/\/encuentroinformativo.com.mx\/index.php?rest_route=\/wp\/v2\/types\/post"}],"author":[{"embeddable":true,"href":"https:\/\/encuentroinformativo.com.mx\/index.php?rest_route=\/wp\/v2\/users\/1"}],"replies":[{"embeddable":true,"href":"https:\/\/encuentroinformativo.com.mx\/index.php?rest_route=%2Fwp%2Fv2%2Fcomments&post=6918"}],"version-history":[{"count":1,"href":"https:\/\/encuentroinformativo.com.mx\/index.php?rest_route=\/wp\/v2\/posts\/6918\/revisions"}],"predecessor-version":[{"id":6920,"href":"https:\/\/encuentroinformativo.com.mx\/index.php?rest_route=\/wp\/v2\/posts\/6918\/revisions\/6920"}],"wp:featuredmedia":[{"embeddable":true,"href":"https:\/\/encuentroinformativo.com.mx\/index.php?rest_route=\/wp\/v2\/media\/6919"}],"wp:attachment":[{"href":"https:\/\/encuentroinformativo.com.mx\/index.php?rest_route=%2Fwp%2Fv2%2Fmedia&parent=6918"}],"wp:term":[{"taxonomy":"category","embeddable":true,"href":"https:\/\/encuentroinformativo.com.mx\/index.php?rest_route=%2Fwp%2Fv2%2Fcategories&post=6918"},{"taxonomy":"post_tag","embeddable":true,"href":"https:\/\/encuentroinformativo.com.mx\/index.php?rest_route=%2Fwp%2Fv2%2Ftags&post=6918"}],"curies":[{"name":"wp","href":"https:\/\/api.w.org\/{rel}","templated":true}]}}