{"id":69184,"date":"2025-07-08T14:15:36","date_gmt":"2025-07-08T20:15:36","guid":{"rendered":"https:\/\/encuentroinformativo.com.mx\/?p=69184"},"modified":"2025-07-08T14:15:36","modified_gmt":"2025-07-08T20:15:36","slug":"veracruzano-presente-en-weekend-in-fashion-mexico","status":"publish","type":"post","link":"https:\/\/encuentroinformativo.com.mx\/?p=69184","title":{"rendered":"Veracruzano presente en Weekend In Fashion M\u00e9xico"},"content":{"rendered":"<p><strong>Alejandro \u00c1vila<\/strong><\/p>\n<p>Veracruz, Ver.- Weekend In Fashion M\u00e9xico tendr\u00e1 su primera gala de este a\u00f1o con la presentaci\u00f3n de alta moda sustentable y que a la vez servir\u00e1 para aperturar el sal\u00f3n \u201cBoca del R\u00edo\u201d del hotel Galer\u00eda Plaza, este jueves 10 de julio a partir de las 20:00 horas.<\/p>\n<p>En esta primera gala de moda del 2025 del Weekend In Fashion M\u00e9xico\/Veracruz, participan Yesua Herrera, originario del estado de Hidalgo; el Colectivo BJXModa de Paco Granados, originarios de Guanajuato y el veracruzano Miguel \u00c1ngel Sosme, quien presentar\u00e1 bordados textiles de la Sierra de Zongolica y prendas de vestir confeccionadas en lino.<\/p>\n<p>\u201cTodos representan una convergencia poderosa entre dise\u00f1o, medio ambiente y conciencia social. La moda que proponen estos dise\u00f1adores del Weekend In Fashion M\u00e9xico no solo reduce impactos negativos, sino que construye soluciones desde lo local, dignifica el trabajo artesanal y promueve la regeneraci\u00f3n ecol\u00f3gica\u201d, comenta Claudia Ortiz Hern\u00e1ndez, directora de Factory Fashion M\u00e9xico y coordinadora general del Weekend In Fashion M\u00e9xico By Grupo Brisas en Veracruz.<\/p>\n<p>Y agrega: \u201cLa moda de autor, al ser m\u00e1s consciente, \u00e9tica y cercana, se alinea de forma natural con la econom\u00eda circular. En lugar de centrarse solo en la est\u00e9tica, tambi\u00e9n se enfoca en el impacto social y ambiental de lo que vestimos. No es solo una prenda, es una declaraci\u00f3n de valores\u201d.<\/p>\n<p>Presentar estas propuestas de talento nacional en pasarelas y plataformas p\u00fablicas no solo abre la puerta al di\u00e1logo entre cultura y ecolog\u00eda, sino que posiciona a M\u00e9xico como l\u00edder en innovaci\u00f3n sustentable desde el dise\u00f1o y la moda, un sector que hist\u00f3ricamente ha estado al margen de las pol\u00edticas ambientales, pero que hoy tiene un enorme potencial transformador.<\/p>\n","protected":false},"excerpt":{"rendered":"<p>Alejandro \u00c1vila Veracruz, Ver.- Weekend In Fashion M\u00e9xico tendr\u00e1 su primera gala de este a\u00f1o con la presentaci\u00f3n de alta moda sustentable y que a la vez servir\u00e1 para aperturar el sal\u00f3n \u201cBoca del R\u00edo\u201d del hotel Galer\u00eda Plaza, este jueves 10 de julio a partir de las 20:00 horas. En esta primera gala de [&hellip;]<\/p>\n","protected":false},"author":2476,"featured_media":69185,"comment_status":"open","ping_status":"open","sticky":false,"template":"","format":"standard","meta":{"_jetpack_memberships_contains_paid_content":false,"footnotes":""},"categories":[2],"tags":[],"class_list":["post-69184","post","type-post","status-publish","format-standard","has-post-thumbnail","hentry","category-estado"],"jetpack_featured_media_url":"https:\/\/encuentroinformativo.com.mx\/wp-content\/uploads\/2025\/07\/IMG-20250708-WA02182.jpg","jetpack_sharing_enabled":true,"jetpack_likes_enabled":true,"amp_enabled":true,"_links":{"self":[{"href":"https:\/\/encuentroinformativo.com.mx\/index.php?rest_route=\/wp\/v2\/posts\/69184","targetHints":{"allow":["GET"]}}],"collection":[{"href":"https:\/\/encuentroinformativo.com.mx\/index.php?rest_route=\/wp\/v2\/posts"}],"about":[{"href":"https:\/\/encuentroinformativo.com.mx\/index.php?rest_route=\/wp\/v2\/types\/post"}],"author":[{"embeddable":true,"href":"https:\/\/encuentroinformativo.com.mx\/index.php?rest_route=\/wp\/v2\/users\/2476"}],"replies":[{"embeddable":true,"href":"https:\/\/encuentroinformativo.com.mx\/index.php?rest_route=%2Fwp%2Fv2%2Fcomments&post=69184"}],"version-history":[{"count":1,"href":"https:\/\/encuentroinformativo.com.mx\/index.php?rest_route=\/wp\/v2\/posts\/69184\/revisions"}],"predecessor-version":[{"id":69186,"href":"https:\/\/encuentroinformativo.com.mx\/index.php?rest_route=\/wp\/v2\/posts\/69184\/revisions\/69186"}],"wp:featuredmedia":[{"embeddable":true,"href":"https:\/\/encuentroinformativo.com.mx\/index.php?rest_route=\/wp\/v2\/media\/69185"}],"wp:attachment":[{"href":"https:\/\/encuentroinformativo.com.mx\/index.php?rest_route=%2Fwp%2Fv2%2Fmedia&parent=69184"}],"wp:term":[{"taxonomy":"category","embeddable":true,"href":"https:\/\/encuentroinformativo.com.mx\/index.php?rest_route=%2Fwp%2Fv2%2Fcategories&post=69184"},{"taxonomy":"post_tag","embeddable":true,"href":"https:\/\/encuentroinformativo.com.mx\/index.php?rest_route=%2Fwp%2Fv2%2Ftags&post=69184"}],"curies":[{"name":"wp","href":"https:\/\/api.w.org\/{rel}","templated":true}]}}