{"id":69195,"date":"2025-07-08T20:14:00","date_gmt":"2025-07-09T02:14:00","guid":{"rendered":"https:\/\/encuentroinformativo.com.mx\/?p=69195"},"modified":"2025-07-08T20:14:00","modified_gmt":"2025-07-09T02:14:00","slug":"desaparecen-dos-adolescentes-tras-ser-arrastrados-por-la-corriente-en-cascada-la-tomata","status":"publish","type":"post","link":"https:\/\/encuentroinformativo.com.mx\/?p=69195","title":{"rendered":"Desaparecen dos adolescentes tras ser arrastrados por la corriente en cascada la &#8220;Tomata&#8221;\u00a0"},"content":{"rendered":"<p><strong>Jos\u00e9 Vargas<\/strong><\/p>\n<p>Atzalan, Ver.- Una intensa movilizaci\u00f3n de cuerpos de emergencia se mantiene activa en el municipio de Atzalan, donde dos adolescentes de 15 a\u00f1os, identificados como Jes\u00fas y Jimena, fueron arrastrados por la corriente del r\u00edo Alseseca tras caer accidentalmente en la zona conocida como La Cascada de Tomata.<\/p>\n<p>Los hechos ocurrieron la tarde de este martes, cuando, seg\u00fan versiones locales, los j\u00f3venes caminaban sobre un viejo puente y, al parecer, resbalaron, cayendo al caudaloso r\u00edo que los arrastr\u00f3 hacia la cascada de m\u00e1s de 30 metros de altura, donde fueron vistos por \u00faltima vez.<\/p>\n<p>La creciente del afluente, provocada por las intensas lluvias registradas en las \u00faltimas horas en municipios como Tlapacoyan, Altotonga, Jalacingo y Perote, ha complicado las labores de b\u00fasqueda. Equipos de Protecci\u00f3n Civil, Polic\u00eda Municipal, brigadas acu\u00e1ticas y balseros se han desplegado en distintos puntos del r\u00edo, pero hasta el momento los cuerpos no han sido localizados.<\/p>\n<p>La zona permanece acordonada mientras contin\u00faan los esfuerzos por parte de las autoridades y rescatistas, quienes enfrentan condiciones adversas debido a los fuertes golpes de agua, lo que podr\u00eda haber arrastrado los cuerpos por varios kil\u00f3metros.<\/p>\n<p>La tragedia ha conmocionado a la comunidad local, donde vecinos y familiares se mantienen a la expectativa del hallazgo.<\/p>\n","protected":false},"excerpt":{"rendered":"<p>Jos\u00e9 Vargas Atzalan, Ver.- Una intensa movilizaci\u00f3n de cuerpos de emergencia se mantiene activa en el municipio de Atzalan, donde dos adolescentes de 15 a\u00f1os, identificados como Jes\u00fas y Jimena, fueron arrastrados por la corriente del r\u00edo Alseseca tras caer accidentalmente en la zona conocida como La Cascada de Tomata. Los hechos ocurrieron la tarde [&hellip;]<\/p>\n","protected":false},"author":2476,"featured_media":69196,"comment_status":"open","ping_status":"open","sticky":false,"template":"","format":"standard","meta":{"_jetpack_memberships_contains_paid_content":false,"footnotes":""},"categories":[2],"tags":[],"class_list":["post-69195","post","type-post","status-publish","format-standard","has-post-thumbnail","hentry","category-estado"],"jetpack_featured_media_url":"https:\/\/encuentroinformativo.com.mx\/wp-content\/uploads\/2025\/07\/IMG-20250708-WA0402.jpg","jetpack_sharing_enabled":true,"jetpack_likes_enabled":true,"amp_enabled":true,"_links":{"self":[{"href":"https:\/\/encuentroinformativo.com.mx\/index.php?rest_route=\/wp\/v2\/posts\/69195","targetHints":{"allow":["GET"]}}],"collection":[{"href":"https:\/\/encuentroinformativo.com.mx\/index.php?rest_route=\/wp\/v2\/posts"}],"about":[{"href":"https:\/\/encuentroinformativo.com.mx\/index.php?rest_route=\/wp\/v2\/types\/post"}],"author":[{"embeddable":true,"href":"https:\/\/encuentroinformativo.com.mx\/index.php?rest_route=\/wp\/v2\/users\/2476"}],"replies":[{"embeddable":true,"href":"https:\/\/encuentroinformativo.com.mx\/index.php?rest_route=%2Fwp%2Fv2%2Fcomments&post=69195"}],"version-history":[{"count":1,"href":"https:\/\/encuentroinformativo.com.mx\/index.php?rest_route=\/wp\/v2\/posts\/69195\/revisions"}],"predecessor-version":[{"id":69197,"href":"https:\/\/encuentroinformativo.com.mx\/index.php?rest_route=\/wp\/v2\/posts\/69195\/revisions\/69197"}],"wp:featuredmedia":[{"embeddable":true,"href":"https:\/\/encuentroinformativo.com.mx\/index.php?rest_route=\/wp\/v2\/media\/69196"}],"wp:attachment":[{"href":"https:\/\/encuentroinformativo.com.mx\/index.php?rest_route=%2Fwp%2Fv2%2Fmedia&parent=69195"}],"wp:term":[{"taxonomy":"category","embeddable":true,"href":"https:\/\/encuentroinformativo.com.mx\/index.php?rest_route=%2Fwp%2Fv2%2Fcategories&post=69195"},{"taxonomy":"post_tag","embeddable":true,"href":"https:\/\/encuentroinformativo.com.mx\/index.php?rest_route=%2Fwp%2Fv2%2Ftags&post=69195"}],"curies":[{"name":"wp","href":"https:\/\/api.w.org\/{rel}","templated":true}]}}