{"id":69199,"date":"2025-07-09T12:20:59","date_gmt":"2025-07-09T18:20:59","guid":{"rendered":"https:\/\/encuentroinformativo.com.mx\/?p=69199"},"modified":"2025-07-09T12:20:59","modified_gmt":"2025-07-09T18:20:59","slug":"por-presunta-invasion-de-terrenos-protestan-frente-a-oficinas-de-la-fge","status":"publish","type":"post","link":"https:\/\/encuentroinformativo.com.mx\/?p=69199","title":{"rendered":"Por presunta invasi\u00f3n de terrenos, protestan frente a oficinas de la FGE"},"content":{"rendered":"<p><strong>Dar\u00edo Pale<\/strong><\/p>\n<p>Xalapa, Ver.- Esta ma\u00f1ana, un grupo de personas se manifestaron frente a las instalaciones de la Fiscal\u00eda General del Estado (FGE), ubicadas en Arco Sur, para exigir justicia en un caso de invasi\u00f3n de terrenos que lleva m\u00e1s de siete a\u00f1os sin resolverse.<\/p>\n<p>Entrevistado durante la manifestaci\u00f3n el se\u00f1or F\u00e9lix Eloy Garc\u00eda D\u00edaz, persona que se dice leg\u00edtimo propietario, cerr\u00f3 la avenida Arco Sur, frente a la Fiscal\u00eda General del Estado, por la dilaci\u00f3n de la investigaci\u00f3n de este asunto, el cual se debe a un problema de invasi\u00f3n de tres hect\u00e1reas de terrenos en la colonia Campo de Tiro.<\/p>\n<p>El reproch\u00f3 es que la Fiscal\u00eda no avance en su caso a pesar de que present\u00f3 la denuncia con carpeta de investigaci\u00f3n 26\/03\/2023, es decir, de hace dos a\u00f1os por la invasi\u00f3n de sus terrenos.<\/p>\n<p>\u201cYo tengo la documentaci\u00f3n de que soy el due\u00f1o, el \u00fanico, contest\u00f3 el Registro Agrario Nacional (RAN), contest\u00f3 que la parcela es m\u00eda y sin embargo, las personas me invadieron, pusimos la demanda desde el 2023 y no nos responden. Son tres hect\u00e1reas, yo sal\u00ed a trabajar fuera de Xalapa y cuando regres\u00e9 ya estaban, eso fue hace 4 a\u00f1os, he intentado hablar con ellos y ah\u00ed tengo las fotos de c\u00f3mo se ponen, ya intentaron amarrarme, han intentado agredirme con machetes y con diferentes cosas\u201d, expuso.<\/p>\n<p>Por ello, present\u00f3 la denuncia correspondiente en contra de las 20 familias que poco a poco han ido invadiendo.<\/p>\n<p>Los terrenos est\u00e1n aproximadamente a un kil\u00f3metro del relleno sanitario de esta capital y ante la dilaci\u00f3n de las autoridades, decidi\u00f3 protestar este d\u00eda y cerrar la transitada avenida.<\/p>\n<p>\u201cNos citan a Pacho, pero a ellos no los notifican, entonces pr\u00e1cticamente pasa un mes, pasa otro y ya llevamos un a\u00f1o. Esperamos una respuesta con una autoridad competente\u201d, manifest\u00f3.<\/p>\n<p>Finalmente Garc\u00eda D\u00edaz asegur\u00f3 que no se mover\u00eda de la avenida hasta no ser atendido por alguna autoridad de la Fiscal\u00eda, pero al poco rato se movieron del lugar.<\/p>\n<p><img loading=\"lazy\" decoding=\"async\" class=\"aligncenter size-medium wp-image-69201\" src=\"https:\/\/encuentroinformativo.com.mx\/wp-content\/uploads\/2025\/07\/IMG-20250709-WA0170-300x135.jpg\" alt=\"\" width=\"300\" height=\"135\" srcset=\"https:\/\/encuentroinformativo.com.mx\/wp-content\/uploads\/2025\/07\/IMG-20250709-WA0170-300x135.jpg 300w, https:\/\/encuentroinformativo.com.mx\/wp-content\/uploads\/2025\/07\/IMG-20250709-WA0170-1024x461.jpg 1024w, https:\/\/encuentroinformativo.com.mx\/wp-content\/uploads\/2025\/07\/IMG-20250709-WA0170-768x346.jpg 768w, https:\/\/encuentroinformativo.com.mx\/wp-content\/uploads\/2025\/07\/IMG-20250709-WA0170-1536x691.jpg 1536w, https:\/\/encuentroinformativo.com.mx\/wp-content\/uploads\/2025\/07\/IMG-20250709-WA0170.jpg 1600w\" sizes=\"auto, (max-width: 300px) 100vw, 300px\" \/><\/p>\n","protected":false},"excerpt":{"rendered":"<p>Dar\u00edo Pale Xalapa, Ver.- Esta ma\u00f1ana, un grupo de personas se manifestaron frente a las instalaciones de la Fiscal\u00eda General del Estado (FGE), ubicadas en Arco Sur, para exigir justicia en un caso de invasi\u00f3n de terrenos que lleva m\u00e1s de siete a\u00f1os sin resolverse. Entrevistado durante la manifestaci\u00f3n el se\u00f1or F\u00e9lix Eloy Garc\u00eda D\u00edaz, [&hellip;]<\/p>\n","protected":false},"author":2476,"featured_media":69200,"comment_status":"open","ping_status":"open","sticky":false,"template":"","format":"standard","meta":{"_jetpack_memberships_contains_paid_content":false,"footnotes":""},"categories":[2],"tags":[],"class_list":["post-69199","post","type-post","status-publish","format-standard","has-post-thumbnail","hentry","category-estado"],"jetpack_featured_media_url":"https:\/\/encuentroinformativo.com.mx\/wp-content\/uploads\/2025\/07\/IMG-20250709-WA0169.jpg","jetpack_sharing_enabled":true,"jetpack_likes_enabled":true,"amp_enabled":true,"_links":{"self":[{"href":"https:\/\/encuentroinformativo.com.mx\/index.php?rest_route=\/wp\/v2\/posts\/69199","targetHints":{"allow":["GET"]}}],"collection":[{"href":"https:\/\/encuentroinformativo.com.mx\/index.php?rest_route=\/wp\/v2\/posts"}],"about":[{"href":"https:\/\/encuentroinformativo.com.mx\/index.php?rest_route=\/wp\/v2\/types\/post"}],"author":[{"embeddable":true,"href":"https:\/\/encuentroinformativo.com.mx\/index.php?rest_route=\/wp\/v2\/users\/2476"}],"replies":[{"embeddable":true,"href":"https:\/\/encuentroinformativo.com.mx\/index.php?rest_route=%2Fwp%2Fv2%2Fcomments&post=69199"}],"version-history":[{"count":2,"href":"https:\/\/encuentroinformativo.com.mx\/index.php?rest_route=\/wp\/v2\/posts\/69199\/revisions"}],"predecessor-version":[{"id":69203,"href":"https:\/\/encuentroinformativo.com.mx\/index.php?rest_route=\/wp\/v2\/posts\/69199\/revisions\/69203"}],"wp:featuredmedia":[{"embeddable":true,"href":"https:\/\/encuentroinformativo.com.mx\/index.php?rest_route=\/wp\/v2\/media\/69200"}],"wp:attachment":[{"href":"https:\/\/encuentroinformativo.com.mx\/index.php?rest_route=%2Fwp%2Fv2%2Fmedia&parent=69199"}],"wp:term":[{"taxonomy":"category","embeddable":true,"href":"https:\/\/encuentroinformativo.com.mx\/index.php?rest_route=%2Fwp%2Fv2%2Fcategories&post=69199"},{"taxonomy":"post_tag","embeddable":true,"href":"https:\/\/encuentroinformativo.com.mx\/index.php?rest_route=%2Fwp%2Fv2%2Ftags&post=69199"}],"curies":[{"name":"wp","href":"https:\/\/api.w.org\/{rel}","templated":true}]}}