{"id":69213,"date":"2025-07-09T14:43:31","date_gmt":"2025-07-09T20:43:31","guid":{"rendered":"https:\/\/encuentroinformativo.com.mx\/?p=69213"},"modified":"2025-07-09T14:43:31","modified_gmt":"2025-07-09T20:43:31","slug":"se-trabaja-en-tema-de-tarifas-de-taxis-gobernadora","status":"publish","type":"post","link":"https:\/\/encuentroinformativo.com.mx\/?p=69213","title":{"rendered":"Se trabaja en tema de tarifas de taxis: Gobernadora"},"content":{"rendered":"<p><strong>* Afirm\u00f3 que los detalles se dar\u00e1n a conocer en su conferencia de prensa del pr\u00f3ximo lunes.<\/strong><\/p>\n<p><strong>Dar\u00edo Pale<\/strong><\/p>\n<p>Xalapa, Ver.- La Gobernadora de Veracruz, Norma Roc\u00edo Nahle Garc\u00eda adelant\u00f3 que ser\u00e1 el pr\u00f3ximo lunes en su conferencia ma\u00f1anera cuando hablar\u00e1 sobre las tarifas de taxi.<\/p>\n<p>A pesar de la pol\u00e9mica que se ha generado en los \u00faltimos d\u00edas por el cobro de las corridas en el servicio de transporte p\u00fablico en su modalidad de taxi, la Mandataria estatal coment\u00f3 que ya est\u00e1n trabajando en ello.<\/p>\n<p>Tras sus declaraciones el lunes pasado con respecto a que quienes cobrar\u00e1n de m\u00e1s y no respetar\u00e1n las actuales tarifas se les retirar\u00eda las concesiones, a trav\u00e9s de redes sociales se denunci\u00f3 que ciudadanos estaban pagando 25 pesos a los taxistas y aseguraban que era por lo dicho por la gobernadora, sin embargo, sus declaraciones fueron tergiversadas.<\/p>\n<p>Sin querer abundar en las negociaciones que encabeza el Secretario de Gobierno, Ricardo Ahued Bardahuil con las diferentes organizaciones de taxistas, adelant\u00f3 que se trabaja en el tema.<\/p>\n<p>En otro orden de ideas, la gobernadora Roc\u00edo Nahle, se dijo contenta de tener en el estado al secretario general del sindicato de trabajadores de la educaci\u00f3n, al senador Alfonso Cepeda Salas, quien acompa\u00f1a a las maestras y maestros de la secci\u00f3n 32 por el Homenaje del natalicio del profesor Juan Nicolas Callejas Arroyo.<\/p>\n<p>Finalmente dio a conocer, &#8220;muy contenta de tener en Veracruz, al secretario general del sindicato de trabajadores de la educaci\u00f3n, vino a acompa\u00f1ar a los maestros&#8230; Ahorita vamos a ver eso.&#8221;<\/p>\n","protected":false},"excerpt":{"rendered":"<p>* Afirm\u00f3 que los detalles se dar\u00e1n a conocer en su conferencia de prensa del pr\u00f3ximo lunes. Dar\u00edo Pale Xalapa, Ver.- La Gobernadora de Veracruz, Norma Roc\u00edo Nahle Garc\u00eda adelant\u00f3 que ser\u00e1 el pr\u00f3ximo lunes en su conferencia ma\u00f1anera cuando hablar\u00e1 sobre las tarifas de taxi. A pesar de la pol\u00e9mica que se ha generado [&hellip;]<\/p>\n","protected":false},"author":2476,"featured_media":69214,"comment_status":"open","ping_status":"open","sticky":false,"template":"","format":"standard","meta":{"_jetpack_memberships_contains_paid_content":false,"footnotes":""},"categories":[2],"tags":[],"class_list":["post-69213","post","type-post","status-publish","format-standard","has-post-thumbnail","hentry","category-estado"],"jetpack_featured_media_url":"https:\/\/encuentroinformativo.com.mx\/wp-content\/uploads\/2025\/07\/IMG-20250709-WA0237.jpg","jetpack_sharing_enabled":true,"jetpack_likes_enabled":true,"amp_enabled":true,"_links":{"self":[{"href":"https:\/\/encuentroinformativo.com.mx\/index.php?rest_route=\/wp\/v2\/posts\/69213","targetHints":{"allow":["GET"]}}],"collection":[{"href":"https:\/\/encuentroinformativo.com.mx\/index.php?rest_route=\/wp\/v2\/posts"}],"about":[{"href":"https:\/\/encuentroinformativo.com.mx\/index.php?rest_route=\/wp\/v2\/types\/post"}],"author":[{"embeddable":true,"href":"https:\/\/encuentroinformativo.com.mx\/index.php?rest_route=\/wp\/v2\/users\/2476"}],"replies":[{"embeddable":true,"href":"https:\/\/encuentroinformativo.com.mx\/index.php?rest_route=%2Fwp%2Fv2%2Fcomments&post=69213"}],"version-history":[{"count":1,"href":"https:\/\/encuentroinformativo.com.mx\/index.php?rest_route=\/wp\/v2\/posts\/69213\/revisions"}],"predecessor-version":[{"id":69215,"href":"https:\/\/encuentroinformativo.com.mx\/index.php?rest_route=\/wp\/v2\/posts\/69213\/revisions\/69215"}],"wp:featuredmedia":[{"embeddable":true,"href":"https:\/\/encuentroinformativo.com.mx\/index.php?rest_route=\/wp\/v2\/media\/69214"}],"wp:attachment":[{"href":"https:\/\/encuentroinformativo.com.mx\/index.php?rest_route=%2Fwp%2Fv2%2Fmedia&parent=69213"}],"wp:term":[{"taxonomy":"category","embeddable":true,"href":"https:\/\/encuentroinformativo.com.mx\/index.php?rest_route=%2Fwp%2Fv2%2Fcategories&post=69213"},{"taxonomy":"post_tag","embeddable":true,"href":"https:\/\/encuentroinformativo.com.mx\/index.php?rest_route=%2Fwp%2Fv2%2Ftags&post=69213"}],"curies":[{"name":"wp","href":"https:\/\/api.w.org\/{rel}","templated":true}]}}