{"id":69216,"date":"2025-07-09T16:15:42","date_gmt":"2025-07-09T22:15:42","guid":{"rendered":"https:\/\/encuentroinformativo.com.mx\/?p=69216"},"modified":"2025-07-09T16:15:42","modified_gmt":"2025-07-09T22:15:42","slug":"cantando-con-causa-en-boca-del-rio-en-beneficio-de-personas-con-perdida-auditiva","status":"publish","type":"post","link":"https:\/\/encuentroinformativo.com.mx\/?p=69216","title":{"rendered":"&#8220;Cantando con Causa\u201d en Boca del R\u00edo en beneficio de personas con p\u00e9rdida auditiva"},"content":{"rendered":"<p><strong>Alejandro \u00c1vila<\/strong><\/p>\n<p>Boca del R\u00edo, Ver.- La presidenta del DIF municipal de Boca del R\u00edo, Melina Rivera de Un\u00e1nue, anunci\u00f3 la realizaci\u00f3n del evento \u201cCantando con Causa\u201d, un karaoke con tem\u00e1tica de los a\u00f1os 80, que se llevar\u00e1 a cabo el pr\u00f3ximo 4 de septiembre a las 18:00 horas en el cantabar &#8220;Desahogo&#8221;.<\/p>\n<p>La titular del DIF, en rueda de prensa, destac\u00f3 que este evento tiene como objetivo recaudar fondos para la campa\u00f1a \u201cVolvamos a Escuchar\u201d, la cual busca dotar de aparatos auditivos a ni\u00f1os y adultos mayores con problemas de la audici\u00f3n.<\/p>\n<p>\u201cEste ser\u00e1 el \u00faltimo evento que organizamos por parte del voluntariado. Queremos cerrar con broche de oro, pues lo recaudado ser\u00e1 destinado para nuestra campa\u00f1a &#8216;Volvamos a Escuchar&#8217;, con la que buscamos beneficiar a ni\u00f1os y adultos mayores que padezcan p\u00e9rdida de la audici\u00f3n y requieran aparatos auditivos\u201d, se\u00f1al\u00f3 la presidenta del DIF municipal.<\/p>\n<p>El evento tendr\u00e1 una tem\u00e1tica inspirada en la exitosa obra musical \u201cMentiras\u201d, por lo que se invita a los asistentes a caracterizarse con vestimenta de los a\u00f1os 80. Se entregar\u00e1n premios a las tres mejores caracterizaciones y habr\u00e1 shows musicales, bocadillos y la participaci\u00f3n de una invitada sorpresa, considerada una de las figuras m\u00e1s ic\u00f3nicas de las telenovelas mexicanas.<\/p>\n<p>Los boletos tendr\u00e1n un costo de 350 pesos y podr\u00e1n adquirirse directamente en las instalaciones del DIF municipal.<\/p>\n<p>Por su parte la directora del sistema asistencial municipal, Yamileth Herrera D\u00edaz, destac\u00f3 que la convocatoria para la campa\u00f1a \u201cVolvamos a Escuchar\u201d inicia este lunes 21 julio y concluye el 31 del mismo mes. Los interesados podr\u00e1n acudir a las instalaciones del DIF municipal en horario de 9 a 14 horas, para entregar los siguientes documentos:<\/p>\n<p>\u2022 Copia del INE<br \/>\n\u2022 Copia de comprobante de domicilio (no mayor a 2 meses, con residencia en Boca del R\u00edo)<br \/>\n\u2022 Copia del CURP<br \/>\n\u2022 Copia acta de nacimiento (en caso de menores)<br \/>\n\u2022 Para ni\u00f1os de 3 a 5 a\u00f1os de edad, presentar su estudio de potenciales evocados.<br \/>\n\u2022 Para ni\u00f1os de 6 a 17 a\u00f1os y adultos mayores de 60 a\u00f1os, presentar audiometr\u00eda<\/p>\n<p>Cabe destacar, que los estudios solicitados deben tener una vigencia no mayor a 6 meses; la directora puntualiz\u00f3 que se analizar\u00e1 cada caso y quienes sean aptos para recibir este apoyo, ser\u00e1n contactados para la entrega de estos aparatos.<\/p>\n","protected":false},"excerpt":{"rendered":"<p>Alejandro \u00c1vila Boca del R\u00edo, Ver.- La presidenta del DIF municipal de Boca del R\u00edo, Melina Rivera de Un\u00e1nue, anunci\u00f3 la realizaci\u00f3n del evento \u201cCantando con Causa\u201d, un karaoke con tem\u00e1tica de los a\u00f1os 80, que se llevar\u00e1 a cabo el pr\u00f3ximo 4 de septiembre a las 18:00 horas en el cantabar &#8220;Desahogo&#8221;. La titular [&hellip;]<\/p>\n","protected":false},"author":2476,"featured_media":69217,"comment_status":"open","ping_status":"open","sticky":false,"template":"","format":"standard","meta":{"_jetpack_memberships_contains_paid_content":false,"footnotes":""},"categories":[2],"tags":[],"class_list":["post-69216","post","type-post","status-publish","format-standard","has-post-thumbnail","hentry","category-estado"],"jetpack_featured_media_url":"https:\/\/encuentroinformativo.com.mx\/wp-content\/uploads\/2025\/07\/IMG-20250709-WA02562.jpg","jetpack_sharing_enabled":true,"jetpack_likes_enabled":true,"amp_enabled":true,"_links":{"self":[{"href":"https:\/\/encuentroinformativo.com.mx\/index.php?rest_route=\/wp\/v2\/posts\/69216","targetHints":{"allow":["GET"]}}],"collection":[{"href":"https:\/\/encuentroinformativo.com.mx\/index.php?rest_route=\/wp\/v2\/posts"}],"about":[{"href":"https:\/\/encuentroinformativo.com.mx\/index.php?rest_route=\/wp\/v2\/types\/post"}],"author":[{"embeddable":true,"href":"https:\/\/encuentroinformativo.com.mx\/index.php?rest_route=\/wp\/v2\/users\/2476"}],"replies":[{"embeddable":true,"href":"https:\/\/encuentroinformativo.com.mx\/index.php?rest_route=%2Fwp%2Fv2%2Fcomments&post=69216"}],"version-history":[{"count":1,"href":"https:\/\/encuentroinformativo.com.mx\/index.php?rest_route=\/wp\/v2\/posts\/69216\/revisions"}],"predecessor-version":[{"id":69218,"href":"https:\/\/encuentroinformativo.com.mx\/index.php?rest_route=\/wp\/v2\/posts\/69216\/revisions\/69218"}],"wp:featuredmedia":[{"embeddable":true,"href":"https:\/\/encuentroinformativo.com.mx\/index.php?rest_route=\/wp\/v2\/media\/69217"}],"wp:attachment":[{"href":"https:\/\/encuentroinformativo.com.mx\/index.php?rest_route=%2Fwp%2Fv2%2Fmedia&parent=69216"}],"wp:term":[{"taxonomy":"category","embeddable":true,"href":"https:\/\/encuentroinformativo.com.mx\/index.php?rest_route=%2Fwp%2Fv2%2Fcategories&post=69216"},{"taxonomy":"post_tag","embeddable":true,"href":"https:\/\/encuentroinformativo.com.mx\/index.php?rest_route=%2Fwp%2Fv2%2Ftags&post=69216"}],"curies":[{"name":"wp","href":"https:\/\/api.w.org\/{rel}","templated":true}]}}