{"id":69225,"date":"2025-07-09T19:40:27","date_gmt":"2025-07-10T01:40:27","guid":{"rendered":"https:\/\/encuentroinformativo.com.mx\/?p=69225"},"modified":"2025-07-09T19:40:27","modified_gmt":"2025-07-10T01:40:27","slug":"veracruz-retoma-fuerza-con-liderazgo-verde","status":"publish","type":"post","link":"https:\/\/encuentroinformativo.com.mx\/?p=69225","title":{"rendered":"Veracruz retoma fuerza con liderazgo Verde"},"content":{"rendered":"<p><strong>* Se entregan reconocimientos a alcaldes electos del PVEM.<\/strong><\/p>\n<p>Xalapa, Ver.- El Partido Verde Ecologista de M\u00e9xico (PVEM) en Veracruz celebr\u00f3 una significativa entrega de reconocimientos a las y los presidentes municipales electos que representar\u00e1n al partido en la pr\u00f3xima administraci\u00f3n, en un evento encabezado por Edgar Herrera Lendechy, Delegado Nacional con Funciones de Secretario General del PVEM en el estado.<\/p>\n<p>Durante el encuentro, Herrera Lendechy destac\u00f3 que este proceso electoral dej\u00f3 una lecci\u00f3n clara: \u201cel Verde dio c\u00e1tedra en varios municipios\u201d, demostrando que el partido ha retomado fuerza como una opci\u00f3n s\u00f3lida, cercana a la ciudadan\u00eda y capaz de construir desde lo local.<\/p>\n<p>\u201cEn muchos municipios demostramos que el Verde late con fuerza, y eso se refleja en los resultados contundentes que obtuvimos. No solo nos mantuvimos, sino que crecimos en el padr\u00f3n. Hoy, el Verde est\u00e1 m\u00e1s vivo que nunca en Veracruz\u201d, afirm\u00f3 ante las y los alcaldes electos.<\/p>\n<p>Asimismo, reiter\u00f3 que esta etapa marca el inicio de una nueva generaci\u00f3n verde que no solo tiene como meta ganar elecciones, sino dejar huella en sus municipios y consolidar una estructura fuerte a largo plazo. El dirigente anunci\u00f3 que se impulsar\u00e1 una agenda de acompa\u00f1amiento institucional desde el Congreso federal y local, priorizando la obtenci\u00f3n de recursos, la gesti\u00f3n de proyectos y la profesionalizaci\u00f3n de las administraciones municipales.<\/p>\n<p>Adem\u00e1s, reconoci\u00f3 el esfuerzo, compromiso y trabajo de todas y todos durante la campa\u00f1a, enfatizando que los resultados son reflejo de una militancia activa, organizada y cercana a la ciudadan\u00eda.<\/p>\n<p>Durante la reuni\u00f3n tambi\u00e9n se present\u00f3 a las y los alcaldes electos una propuesta de servicios financieros y jur\u00eddicos que el partido pondr\u00e1 a su disposici\u00f3n para fortalecer los procesos de entrega-recepci\u00f3n, as\u00ed como el compromiso de iniciar campa\u00f1as de afiliaci\u00f3n local, buscando consolidar la base ciudadana que respald\u00f3 al Verde en las urnas.<\/p>\n<p>Estuvieron presentes las y los diputados locales del Partido Verde, encabezados por Marcelo Ruiz S\u00e1nchez, Ang\u00e9lica Pe\u00f1a, Estefan\u00eda Garc\u00eda y Urbano Bautista, quienes reafirmaron su compromiso de trabajar coordinadamente con las nuevas administraciones municipales en beneficio de sus comunidades.<\/p>\n<p>\u201cEste es solo el comienzo. Estamos construyendo un partido con identidad propia, cercano, disciplinado y fuerte. Los resultados nos respaldan. Ahora toca demostrar con hechos que el Verde gobierna con visi\u00f3n, con resultados y con compromiso\u201d, concluy\u00f3 Herrera Lendechy.<\/p>\n<p>El evento cerr\u00f3 con la entrega de reconocimientos a las y los presidentes municipales electos:<\/p>\n<p>Presidentes municipales electos del PVEM:<\/p>\n<p>*Alberto \u00c1ngel Cobos M\u00e1rquez &#8211; Alvarado<\/p>\n<p>*Mar\u00eda Petra Alonso V\u00e1zquez &#8211; Aquila<\/p>\n<p>*Edvino Hern\u00e1ndez Hern\u00e1ndez &#8211; Benito Ju\u00e1rez<\/p>\n<p>*Mar\u00eda Luisa Bautista Hern\u00e1ndez &#8211; Chiconamel<\/p>\n<p>*Nazario Emmanuel Perea Morales &#8211; Chiconquiaco<\/p>\n<p>*Aristea Fern\u00e1ndez de la Cruz &#8211; Chicontepec<\/p>\n<p>*Viridiana P\u00e9rez Pati\u00f1o &#8211; Espinal<\/p>\n<p>*Citlali Medell\u00edn Careaga &#8211; Tamiahua<\/p>\n<p>*Adri\u00e1n Dom\u00ednguez Rangel &#8211; Tampico Alto<\/p>\n<p>*Wenceslao Santiago Castro &#8211; Tecolutla<\/p>\n<p>*Carlos S\u00e1nchez Reyes &#8211; Tenampa<\/p>\n<p>*Fernando S\u00e1nchez Hern\u00e1ndez &#8211; Tenochitl\u00e1n<\/p>\n<p>Presidentes municipales electos por coalici\u00f3n (PVEM-Morena):<\/p>\n<p>*Horacio Aguirre Galo &#8211; Amatitl\u00e1n<br \/>\n*Jorge Alberto Villegas C\u00e1zares &#8211; Cosamaloapan<br \/>\n*Yamur\u00ed Emmanuel Palacio Aldana &#8211; Coyutla<br \/>\n*Mar\u00eda de la Luz Santiago Ponce &#8211; Ignacio de la Llave<br \/>\n*Jos\u00e9 Antonio Bello Ram\u00edrez &#8211; Jos\u00e9 Azueta<br \/>\n*Ramiro Mart\u00ednez Amezcua &#8211; Playa Vicente<br \/>\n*Rafael Gustavo Fararoni Maga\u00f1a &#8211; San Andr\u00e9s Tuxtla<br \/>\n*Elo\u00edsa Zetina G\u00f3mez &#8211; San Juan Evangelista<br \/>\n*Crispina Zuccolotto Gonz\u00e1lez &#8211; Sochiapa<br \/>\n*Elsa Cruz M\u00e9ndez Ibarra &#8211; Soledad de Doblado<br \/>\n*Bertha Reyes Solano &#8211; Tuxtilla<\/p>\n<p>El mensaje final fue de unidad, coordinaci\u00f3n y compromiso con el proyecto Verde para Veracruz.<\/p>\n<p>Veracruz se escribe con V de Verde<\/p>\n","protected":false},"excerpt":{"rendered":"<p>* Se entregan reconocimientos a alcaldes electos del PVEM. Xalapa, Ver.- El Partido Verde Ecologista de M\u00e9xico (PVEM) en Veracruz celebr\u00f3 una significativa entrega de reconocimientos a las y los presidentes municipales electos que representar\u00e1n al partido en la pr\u00f3xima administraci\u00f3n, en un evento encabezado por Edgar Herrera Lendechy, Delegado Nacional con Funciones de Secretario [&hellip;]<\/p>\n","protected":false},"author":2476,"featured_media":69226,"comment_status":"open","ping_status":"open","sticky":false,"template":"","format":"standard","meta":{"_jetpack_memberships_contains_paid_content":false,"footnotes":""},"categories":[2],"tags":[],"class_list":["post-69225","post","type-post","status-publish","format-standard","has-post-thumbnail","hentry","category-estado"],"jetpack_featured_media_url":"https:\/\/encuentroinformativo.com.mx\/wp-content\/uploads\/2025\/07\/IMG-20250709-WA0332-scaled.jpg","jetpack_sharing_enabled":true,"jetpack_likes_enabled":true,"amp_enabled":true,"_links":{"self":[{"href":"https:\/\/encuentroinformativo.com.mx\/index.php?rest_route=\/wp\/v2\/posts\/69225","targetHints":{"allow":["GET"]}}],"collection":[{"href":"https:\/\/encuentroinformativo.com.mx\/index.php?rest_route=\/wp\/v2\/posts"}],"about":[{"href":"https:\/\/encuentroinformativo.com.mx\/index.php?rest_route=\/wp\/v2\/types\/post"}],"author":[{"embeddable":true,"href":"https:\/\/encuentroinformativo.com.mx\/index.php?rest_route=\/wp\/v2\/users\/2476"}],"replies":[{"embeddable":true,"href":"https:\/\/encuentroinformativo.com.mx\/index.php?rest_route=%2Fwp%2Fv2%2Fcomments&post=69225"}],"version-history":[{"count":1,"href":"https:\/\/encuentroinformativo.com.mx\/index.php?rest_route=\/wp\/v2\/posts\/69225\/revisions"}],"predecessor-version":[{"id":69227,"href":"https:\/\/encuentroinformativo.com.mx\/index.php?rest_route=\/wp\/v2\/posts\/69225\/revisions\/69227"}],"wp:featuredmedia":[{"embeddable":true,"href":"https:\/\/encuentroinformativo.com.mx\/index.php?rest_route=\/wp\/v2\/media\/69226"}],"wp:attachment":[{"href":"https:\/\/encuentroinformativo.com.mx\/index.php?rest_route=%2Fwp%2Fv2%2Fmedia&parent=69225"}],"wp:term":[{"taxonomy":"category","embeddable":true,"href":"https:\/\/encuentroinformativo.com.mx\/index.php?rest_route=%2Fwp%2Fv2%2Fcategories&post=69225"},{"taxonomy":"post_tag","embeddable":true,"href":"https:\/\/encuentroinformativo.com.mx\/index.php?rest_route=%2Fwp%2Fv2%2Ftags&post=69225"}],"curies":[{"name":"wp","href":"https:\/\/api.w.org\/{rel}","templated":true}]}}